{"id":1317,"date":"2025-09-05T09:25:55","date_gmt":"2025-09-05T07:25:55","guid":{"rendered":"https:\/\/preview.urbamonde.org\/?p=1317"},"modified":"2025-11-06T12:09:45","modified_gmt":"2025-11-06T11:09:45","slug":"publicacion-la-produccion-social-del-habitat-2015","status":"publish","type":"post","link":"https:\/\/urbamonde.org\/es\/publicacion-la-produccion-social-del-habitat-2015\/","title":{"rendered":"Publicaci\u00f3n : la Producci\u00f3n social del h\u00e1bitat [2015]"},"content":{"rendered":"<h2 class=\"spip\">Echa un vistazo 11 proyectos narrado por sus protagonistas c\u00f3mo el habitante\u00b7es puede ser actores\u00b7los presentadores de su ciudad.<\/h2>\n<p>&nbsp;<\/p>\n<p><strong>\u00ab\u00a0la Producci\u00f3n Social de la vivienda\u00a0\u00bb, publicado en el a\u00f1o 2015, los documentos de los ejemplares de las iniciativas de la sociedad civil, a trav\u00e9s de art\u00edculos escritos en forma participativa con los representantes de los proyectos en cuesti\u00f3n. Este libro pretende mostrar c\u00f3mo el habitante\u00b7es puede ser actores\u00b7los directores de su ciudad, y a producir su vida.<\/strong><\/p>\n<p>En una primera parte, esta publicaci\u00f3n ofrece un recorrido por el mundo en once proyectos, narrado por sus protagonistas. En una segunda parte, se teje v\u00ednculos tem\u00e1ticos entre estos proyectos para identificar los desaf\u00edos comunes.<\/p>\n<p>\u25b6&nbsp;<a class=\"spip_in\" href=\"https:\/\/urbamonde.org\/IMG\/pdf\/production-sociale-habitat-2018-urbamonde-publication.pdf\" type=\"application\/pdf\"><strong>vistazo a la publicaci\u00f3n<\/strong><\/a>, PDF, 3 mb de<\/p>\n<p><i>folletos en versi\u00f3n impresa puede solicitarse&nbsp;<a class=\"spip_mail\" href=\"mailto:contact@urbamonde.org\">por e-mail<\/a>.<\/i><\/p>\n<hr>\n<p><strong>Autores\u00b7arroces&nbsp;:<\/strong>&nbsp;Cirilo Royez | Bea Varnai | Leah Oswald | Iman Salama | Mariangela Veronesi<br class=\"autobr\"><strong>Gr\u00e1ficos&nbsp;:<\/strong>&nbsp;Alice Lathoud<br class=\"autobr\"><strong>Replay&nbsp;:<\/strong>&nbsp;Olivia Boutay | Suzanne Lerch | Julien W\u0153ssner | Marina de Lamare<\/p>\n<p><strong>En colaboraci\u00f3n con&nbsp;:&nbsp;<\/strong>Coalici\u00f3n Internacional para el h\u00e1bitat | los Habitantes de los Tugurios Internacional | Asia de la Coalici\u00f3n por el derecho a la Vivienda | Comunidad Nacional-Led Red de Confianza | Cooperativa de Vivienda Internacionales | Edificio y de la Vivienda Social de la Fundaci\u00f3n<\/p>","protected":false},"excerpt":{"rendered":"<p>Echa un vistazo 11 proyectos narrado por sus protagonistas c\u00f3mo el habitante\u00b7es puede ser actores\u00b7los presentadores de su ciudad. &nbsp; \u00ab\u00a0la Producci\u00f3n Social de la vivienda\u00a0\u00bb, publicado en el a\u00f1o 2015, los documentos de los ejemplares de las iniciativas de la sociedad civil, a trav\u00e9s de art\u00edculos escritos en forma participativa con los representantes de [&hellip;]<\/p>","protected":false},"author":5,"featured_media":521,"comment_status":"open","ping_status":"open","sticky":false,"template":"","format":"standard","meta":{"footnotes":""},"categories":[89],"tags":[],"class_list":["post-1317","post","type-post","status-publish","format-standard","has-post-thumbnail","hentry","category-documentacion"],"acf":[],"yoast_head":"<!-- This site is optimized with the Yoast SEO plugin v27.4 - https:\/\/yoast.com\/product\/yoast-seo-wordpress\/ -->\n<title>Publicaci\u00f3n : la Producci\u00f3n social del h\u00e1bitat [2015] - urbaMonde<\/title>\n<meta name=\"robots\" content=\"index, follow, max-snippet:-1, max-image-preview:large, max-video-preview:-1\" \/>\n<link rel=\"canonical\" href=\"https:\/\/urbamonde.org\/es\/publicacion-la-produccion-social-del-habitat-2015\/\" \/>\n<meta property=\"og:locale\" content=\"es_ES\" \/>\n<meta property=\"og:type\" content=\"article\" \/>\n<meta property=\"og:title\" content=\"Publicaci\u00f3n : la Producci\u00f3n social del h\u00e1bitat [2015] - urbaMonde\" \/>\n<meta property=\"og:description\" content=\"Echa un vistazo 11 proyectos narrado por sus protagonistas c\u00f3mo el habitante\u00b7es puede ser actores\u00b7los presentadores de su ciudad. &nbsp; \u00ab\u00a0la Producci\u00f3n Social de la vivienda\u00a0\u00bb, publicado en el a\u00f1o 2015, los documentos de los ejemplares de las iniciativas de la sociedad civil, a trav\u00e9s de art\u00edculos escritos en forma participativa con los representantes de [&hellip;]\" \/>\n<meta property=\"og:url\" content=\"https:\/\/urbamonde.org\/es\/publicacion-la-produccion-social-del-habitat-2015\/\" \/>\n<meta property=\"og:site_name\" content=\"urbaMonde\" \/>\n<meta property=\"article:publisher\" content=\"https:\/\/www.facebook.com\/urbaMonde\/\" \/>\n<meta property=\"article:published_time\" content=\"2025-09-05T07:25:55+00:00\" \/>\n<meta property=\"article:modified_time\" content=\"2025-11-06T11:09:45+00:00\" \/>\n<meta property=\"og:image\" content=\"https:\/\/urbamonde.org\/wp-content\/uploads\/2024\/10\/telechargement-1-1.png\" \/>\n\t<meta property=\"og:image:width\" content=\"1200\" \/>\n\t<meta property=\"og:image:height\" content=\"760\" \/>\n\t<meta property=\"og:image:type\" content=\"image\/png\" \/>\n<meta name=\"author\" content=\"njato\" \/>\n<meta name=\"twitter:card\" content=\"summary_large_image\" \/>\n<meta name=\"twitter:label1\" content=\"Escrito por\" \/>\n\t<meta name=\"twitter:data1\" content=\"njato\" \/>\n\t<meta name=\"twitter:label2\" content=\"Tiempo de lectura\" \/>\n\t<meta name=\"twitter:data2\" content=\"1 minuto\" \/>\n<script type=\"application\/ld+json\" class=\"yoast-schema-graph\">{\"@context\":\"https:\\\/\\\/schema.org\",\"@graph\":[{\"@type\":\"Article\",\"@id\":\"https:\\\/\\\/urbamonde.org\\\/es\\\/publicacion-la-produccion-social-del-habitat-2015\\\/#article\",\"isPartOf\":{\"@id\":\"https:\\\/\\\/urbamonde.org\\\/es\\\/publicacion-la-produccion-social-del-habitat-2015\\\/\"},\"author\":{\"name\":\"njato\",\"@id\":\"https:\\\/\\\/urbamonde.org\\\/es\\\/#\\\/schema\\\/person\\\/d1fa8d0b4d40c7f1933d29ab86a485f5\"},\"headline\":\"Publicaci\u00f3n : la Producci\u00f3n social del h\u00e1bitat [2015]\",\"datePublished\":\"2025-09-05T07:25:55+00:00\",\"dateModified\":\"2025-11-06T11:09:45+00:00\",\"mainEntityOfPage\":{\"@id\":\"https:\\\/\\\/urbamonde.org\\\/es\\\/publicacion-la-produccion-social-del-habitat-2015\\\/\"},\"wordCount\":236,\"commentCount\":0,\"publisher\":{\"@id\":\"https:\\\/\\\/urbamonde.org\\\/es\\\/#organization\"},\"image\":{\"@id\":\"https:\\\/\\\/urbamonde.org\\\/es\\\/publicacion-la-produccion-social-del-habitat-2015\\\/#primaryimage\"},\"thumbnailUrl\":\"https:\\\/\\\/urbamonde.org\\\/wp-content\\\/uploads\\\/2024\\\/10\\\/telechargement-1-1.png\",\"articleSection\":[\"Documentaci\u00f3n\"],\"inLanguage\":\"es\",\"potentialAction\":[{\"@type\":\"CommentAction\",\"name\":\"Comment\",\"target\":[\"https:\\\/\\\/urbamonde.org\\\/es\\\/publicacion-la-produccion-social-del-habitat-2015\\\/#respond\"]}]},{\"@type\":\"WebPage\",\"@id\":\"https:\\\/\\\/urbamonde.org\\\/es\\\/publicacion-la-produccion-social-del-habitat-2015\\\/\",\"url\":\"https:\\\/\\\/urbamonde.org\\\/es\\\/publicacion-la-produccion-social-del-habitat-2015\\\/\",\"name\":\"Publicaci\u00f3n : la Producci\u00f3n social del h\u00e1bitat [2015] - urbaMonde\",\"isPartOf\":{\"@id\":\"https:\\\/\\\/urbamonde.org\\\/es\\\/#website\"},\"primaryImageOfPage\":{\"@id\":\"https:\\\/\\\/urbamonde.org\\\/es\\\/publicacion-la-produccion-social-del-habitat-2015\\\/#primaryimage\"},\"image\":{\"@id\":\"https:\\\/\\\/urbamonde.org\\\/es\\\/publicacion-la-produccion-social-del-habitat-2015\\\/#primaryimage\"},\"thumbnailUrl\":\"https:\\\/\\\/urbamonde.org\\\/wp-content\\\/uploads\\\/2024\\\/10\\\/telechargement-1-1.png\",\"datePublished\":\"2025-09-05T07:25:55+00:00\",\"dateModified\":\"2025-11-06T11:09:45+00:00\",\"breadcrumb\":{\"@id\":\"https:\\\/\\\/urbamonde.org\\\/es\\\/publicacion-la-produccion-social-del-habitat-2015\\\/#breadcrumb\"},\"inLanguage\":\"es\",\"potentialAction\":[{\"@type\":\"ReadAction\",\"target\":[\"https:\\\/\\\/urbamonde.org\\\/es\\\/publicacion-la-produccion-social-del-habitat-2015\\\/\"]}]},{\"@type\":\"ImageObject\",\"inLanguage\":\"es\",\"@id\":\"https:\\\/\\\/urbamonde.org\\\/es\\\/publicacion-la-produccion-social-del-habitat-2015\\\/#primaryimage\",\"url\":\"https:\\\/\\\/urbamonde.org\\\/wp-content\\\/uploads\\\/2024\\\/10\\\/telechargement-1-1.png\",\"contentUrl\":\"https:\\\/\\\/urbamonde.org\\\/wp-content\\\/uploads\\\/2024\\\/10\\\/telechargement-1-1.png\",\"width\":1200,\"height\":760},{\"@type\":\"BreadcrumbList\",\"@id\":\"https:\\\/\\\/urbamonde.org\\\/es\\\/publicacion-la-produccion-social-del-habitat-2015\\\/#breadcrumb\",\"itemListElement\":[{\"@type\":\"ListItem\",\"position\":1,\"name\":\"Accueil\",\"item\":\"https:\\\/\\\/urbamonde.org\\\/es\\\/\"},{\"@type\":\"ListItem\",\"position\":2,\"name\":\"Publicaci\u00f3n : la Producci\u00f3n social del h\u00e1bitat [2015]\"}]},{\"@type\":\"WebSite\",\"@id\":\"https:\\\/\\\/urbamonde.org\\\/es\\\/#website\",\"url\":\"https:\\\/\\\/urbamonde.org\\\/es\\\/\",\"name\":\"urbaMonde\",\"description\":\"des villes durables par et pour les habitant\u00b7es\",\"publisher\":{\"@id\":\"https:\\\/\\\/urbamonde.org\\\/es\\\/#organization\"},\"potentialAction\":[{\"@type\":\"SearchAction\",\"target\":{\"@type\":\"EntryPoint\",\"urlTemplate\":\"https:\\\/\\\/urbamonde.org\\\/es\\\/?s={search_term_string}\"},\"query-input\":{\"@type\":\"PropertyValueSpecification\",\"valueRequired\":true,\"valueName\":\"search_term_string\"}}],\"inLanguage\":\"es\"},{\"@type\":\"Organization\",\"@id\":\"https:\\\/\\\/urbamonde.org\\\/es\\\/#organization\",\"name\":\"urbaMonde\",\"url\":\"https:\\\/\\\/urbamonde.org\\\/es\\\/\",\"logo\":{\"@type\":\"ImageObject\",\"inLanguage\":\"es\",\"@id\":\"https:\\\/\\\/urbamonde.org\\\/es\\\/#\\\/schema\\\/logo\\\/image\\\/\",\"url\":\"https:\\\/\\\/urbamonde.org\\\/wp-content\\\/uploads\\\/2024\\\/10\\\/logo-urbamonde-fr.png\",\"contentUrl\":\"https:\\\/\\\/urbamonde.org\\\/wp-content\\\/uploads\\\/2024\\\/10\\\/logo-urbamonde-fr.png\",\"width\":271,\"height\":65,\"caption\":\"urbaMonde\"},\"image\":{\"@id\":\"https:\\\/\\\/urbamonde.org\\\/es\\\/#\\\/schema\\\/logo\\\/image\\\/\"},\"sameAs\":[\"https:\\\/\\\/www.facebook.com\\\/urbaMonde\\\/\",\"https:\\\/\\\/www.linkedin.com\\\/company\\\/urbamonde\",\"https:\\\/\\\/www.instagram.com\\\/urba.monde\\\/\"]},{\"@type\":\"Person\",\"@id\":\"https:\\\/\\\/urbamonde.org\\\/es\\\/#\\\/schema\\\/person\\\/d1fa8d0b4d40c7f1933d29ab86a485f5\",\"name\":\"njato\",\"image\":{\"@type\":\"ImageObject\",\"inLanguage\":\"es\",\"@id\":\"https:\\\/\\\/secure.gravatar.com\\\/avatar\\\/fb7975e14d19cd4d63178b531e1a3e74cc198f3ac6d3e7d44f7b0d7871bcc97b?s=96&d=mm&r=g\",\"url\":\"https:\\\/\\\/secure.gravatar.com\\\/avatar\\\/fb7975e14d19cd4d63178b531e1a3e74cc198f3ac6d3e7d44f7b0d7871bcc97b?s=96&d=mm&r=g\",\"contentUrl\":\"https:\\\/\\\/secure.gravatar.com\\\/avatar\\\/fb7975e14d19cd4d63178b531e1a3e74cc198f3ac6d3e7d44f7b0d7871bcc97b?s=96&d=mm&r=g\",\"caption\":\"njato\"},\"url\":\"https:\\\/\\\/urbamonde.org\\\/es\\\/author\\\/njato\\\/\"}]}<\/script>\n<!-- \/ Yoast SEO plugin. -->","yoast_head_json":{"title":"Publicaci\u00f3n : la Producci\u00f3n social del h\u00e1bitat [2015] - urbaMonde","robots":{"index":"index","follow":"follow","max-snippet":"max-snippet:-1","max-image-preview":"max-image-preview:large","max-video-preview":"max-video-preview:-1"},"canonical":"https:\/\/urbamonde.org\/es\/publicacion-la-produccion-social-del-habitat-2015\/","og_locale":"es_ES","og_type":"article","og_title":"Publicaci\u00f3n : la Producci\u00f3n social del h\u00e1bitat [2015] - urbaMonde","og_description":"Echa un vistazo 11 proyectos narrado por sus protagonistas c\u00f3mo el habitante\u00b7es puede ser actores\u00b7los presentadores de su ciudad. &nbsp; \u00ab\u00a0la Producci\u00f3n Social de la vivienda\u00a0\u00bb, publicado en el a\u00f1o 2015, los documentos de los ejemplares de las iniciativas de la sociedad civil, a trav\u00e9s de art\u00edculos escritos en forma participativa con los representantes de [&hellip;]","og_url":"https:\/\/urbamonde.org\/es\/publicacion-la-produccion-social-del-habitat-2015\/","og_site_name":"urbaMonde","article_publisher":"https:\/\/www.facebook.com\/urbaMonde\/","article_published_time":"2025-09-05T07:25:55+00:00","article_modified_time":"2025-11-06T11:09:45+00:00","og_image":[{"width":1200,"height":760,"url":"https:\/\/urbamonde.org\/wp-content\/uploads\/2024\/10\/telechargement-1-1.png","type":"image\/png"}],"author":"njato","twitter_card":"summary_large_image","twitter_misc":{"Escrito por":"njato","Tiempo de lectura":"1 minuto"},"schema":{"@context":"https:\/\/schema.org","@graph":[{"@type":"Article","@id":"https:\/\/urbamonde.org\/es\/publicacion-la-produccion-social-del-habitat-2015\/#article","isPartOf":{"@id":"https:\/\/urbamonde.org\/es\/publicacion-la-produccion-social-del-habitat-2015\/"},"author":{"name":"njato","@id":"https:\/\/urbamonde.org\/es\/#\/schema\/person\/d1fa8d0b4d40c7f1933d29ab86a485f5"},"headline":"Publicaci\u00f3n : la Producci\u00f3n social del h\u00e1bitat [2015]","datePublished":"2025-09-05T07:25:55+00:00","dateModified":"2025-11-06T11:09:45+00:00","mainEntityOfPage":{"@id":"https:\/\/urbamonde.org\/es\/publicacion-la-produccion-social-del-habitat-2015\/"},"wordCount":236,"commentCount":0,"publisher":{"@id":"https:\/\/urbamonde.org\/es\/#organization"},"image":{"@id":"https:\/\/urbamonde.org\/es\/publicacion-la-produccion-social-del-habitat-2015\/#primaryimage"},"thumbnailUrl":"https:\/\/urbamonde.org\/wp-content\/uploads\/2024\/10\/telechargement-1-1.png","articleSection":["Documentaci\u00f3n"],"inLanguage":"es","potentialAction":[{"@type":"CommentAction","name":"Comment","target":["https:\/\/urbamonde.org\/es\/publicacion-la-produccion-social-del-habitat-2015\/#respond"]}]},{"@type":"WebPage","@id":"https:\/\/urbamonde.org\/es\/publicacion-la-produccion-social-del-habitat-2015\/","url":"https:\/\/urbamonde.org\/es\/publicacion-la-produccion-social-del-habitat-2015\/","name":"Publicaci\u00f3n : la Producci\u00f3n social del h\u00e1bitat [2015] - urbaMonde","isPartOf":{"@id":"https:\/\/urbamonde.org\/es\/#website"},"primaryImageOfPage":{"@id":"https:\/\/urbamonde.org\/es\/publicacion-la-produccion-social-del-habitat-2015\/#primaryimage"},"image":{"@id":"https:\/\/urbamonde.org\/es\/publicacion-la-produccion-social-del-habitat-2015\/#primaryimage"},"thumbnailUrl":"https:\/\/urbamonde.org\/wp-content\/uploads\/2024\/10\/telechargement-1-1.png","datePublished":"2025-09-05T07:25:55+00:00","dateModified":"2025-11-06T11:09:45+00:00","breadcrumb":{"@id":"https:\/\/urbamonde.org\/es\/publicacion-la-produccion-social-del-habitat-2015\/#breadcrumb"},"inLanguage":"es","potentialAction":[{"@type":"ReadAction","target":["https:\/\/urbamonde.org\/es\/publicacion-la-produccion-social-del-habitat-2015\/"]}]},{"@type":"ImageObject","inLanguage":"es","@id":"https:\/\/urbamonde.org\/es\/publicacion-la-produccion-social-del-habitat-2015\/#primaryimage","url":"https:\/\/urbamonde.org\/wp-content\/uploads\/2024\/10\/telechargement-1-1.png","contentUrl":"https:\/\/urbamonde.org\/wp-content\/uploads\/2024\/10\/telechargement-1-1.png","width":1200,"height":760},{"@type":"BreadcrumbList","@id":"https:\/\/urbamonde.org\/es\/publicacion-la-produccion-social-del-habitat-2015\/#breadcrumb","itemListElement":[{"@type":"ListItem","position":1,"name":"Accueil","item":"https:\/\/urbamonde.org\/es\/"},{"@type":"ListItem","position":2,"name":"Publicaci\u00f3n : la Producci\u00f3n social del h\u00e1bitat [2015]"}]},{"@type":"WebSite","@id":"https:\/\/urbamonde.org\/es\/#website","url":"https:\/\/urbamonde.org\/es\/","name":"urbaMonde","description":"des villes durables par et pour les habitant\u00b7es","publisher":{"@id":"https:\/\/urbamonde.org\/es\/#organization"},"potentialAction":[{"@type":"SearchAction","target":{"@type":"EntryPoint","urlTemplate":"https:\/\/urbamonde.org\/es\/?s={search_term_string}"},"query-input":{"@type":"PropertyValueSpecification","valueRequired":true,"valueName":"search_term_string"}}],"inLanguage":"es"},{"@type":"Organization","@id":"https:\/\/urbamonde.org\/es\/#organization","name":"urbaMonde","url":"https:\/\/urbamonde.org\/es\/","logo":{"@type":"ImageObject","inLanguage":"es","@id":"https:\/\/urbamonde.org\/es\/#\/schema\/logo\/image\/","url":"https:\/\/urbamonde.org\/wp-content\/uploads\/2024\/10\/logo-urbamonde-fr.png","contentUrl":"https:\/\/urbamonde.org\/wp-content\/uploads\/2024\/10\/logo-urbamonde-fr.png","width":271,"height":65,"caption":"urbaMonde"},"image":{"@id":"https:\/\/urbamonde.org\/es\/#\/schema\/logo\/image\/"},"sameAs":["https:\/\/www.facebook.com\/urbaMonde\/","https:\/\/www.linkedin.com\/company\/urbamonde","https:\/\/www.instagram.com\/urba.monde\/"]},{"@type":"Person","@id":"https:\/\/urbamonde.org\/es\/#\/schema\/person\/d1fa8d0b4d40c7f1933d29ab86a485f5","name":"njato","image":{"@type":"ImageObject","inLanguage":"es","@id":"https:\/\/secure.gravatar.com\/avatar\/fb7975e14d19cd4d63178b531e1a3e74cc198f3ac6d3e7d44f7b0d7871bcc97b?s=96&d=mm&r=g","url":"https:\/\/secure.gravatar.com\/avatar\/fb7975e14d19cd4d63178b531e1a3e74cc198f3ac6d3e7d44f7b0d7871bcc97b?s=96&d=mm&r=g","contentUrl":"https:\/\/secure.gravatar.com\/avatar\/fb7975e14d19cd4d63178b531e1a3e74cc198f3ac6d3e7d44f7b0d7871bcc97b?s=96&d=mm&r=g","caption":"njato"},"url":"https:\/\/urbamonde.org\/es\/author\/njato\/"}]}},"_links":{"self":[{"href":"https:\/\/urbamonde.org\/es\/wp-json\/wp\/v2\/posts\/1317","targetHints":{"allow":["GET"]}}],"collection":[{"href":"https:\/\/urbamonde.org\/es\/wp-json\/wp\/v2\/posts"}],"about":[{"href":"https:\/\/urbamonde.org\/es\/wp-json\/wp\/v2\/types\/post"}],"author":[{"embeddable":true,"href":"https:\/\/urbamonde.org\/es\/wp-json\/wp\/v2\/users\/5"}],"replies":[{"embeddable":true,"href":"https:\/\/urbamonde.org\/es\/wp-json\/wp\/v2\/comments?post=1317"}],"version-history":[{"count":3,"href":"https:\/\/urbamonde.org\/es\/wp-json\/wp\/v2\/posts\/1317\/revisions"}],"predecessor-version":[{"id":4239,"href":"https:\/\/urbamonde.org\/es\/wp-json\/wp\/v2\/posts\/1317\/revisions\/4239"}],"wp:featuredmedia":[{"embeddable":true,"href":"https:\/\/urbamonde.org\/es\/wp-json\/wp\/v2\/media\/521"}],"wp:attachment":[{"href":"https:\/\/urbamonde.org\/es\/wp-json\/wp\/v2\/media?parent=1317"}],"wp:term":[{"taxonomy":"category","embeddable":true,"href":"https:\/\/urbamonde.org\/es\/wp-json\/wp\/v2\/categories?post=1317"},{"taxonomy":"post_tag","embeddable":true,"href":"https:\/\/urbamonde.org\/es\/wp-json\/wp\/v2\/tags?post=1317"}],"curies":[{"name":"wp","href":"https:\/\/api.w.org\/{rel}","templated":true}]}}