{"id":1565,"date":"2023-03-07T12:55:48","date_gmt":"2023-03-07T11:55:48","guid":{"rendered":"https:\/\/preview.urbamonde.org\/?p=1565"},"modified":"2025-01-22T08:17:29","modified_gmt":"2025-01-22T07:17:29","slug":"8-de-marzo-un-manifiesto-sobre-los-derechos-de-las-mujeres-en-la-ciudad","status":"publish","type":"post","link":"https:\/\/urbamonde.org\/es\/8-de-marzo-un-manifiesto-sobre-los-derechos-de-las-mujeres-en-la-ciudad\/","title":{"rendered":"8 de marzo : un Manifiesto sobre los Derechos de las mujeres en la Ciudad"},"content":{"rendered":"<h2 class=\"spip\">UrbaMonde se uni\u00f3 a la Plataforma Global por el Derecho a la Ciudad en su Manifiesto sobre los Derechos de las mujeres en la Ciudad de<\/h2>\n<p>&nbsp;<\/p>\n<p><strong>los miembros y aliados de la Plataforma Global por el Derecho a la Ciudad (PGDV) se unir\u00e1 a m\u00e1s de la mitad de la poblaci\u00f3n mundial a participar en la mayor campa\u00f1a mundial anual de&nbsp;: el D\u00eda internacional de la mujera los derechos humanos.<\/strong><\/p>\n<p>En la ocasi\u00f3n, de 8 de marzo, compartimos el Manifiesto sobre los Derechos de las mujeres en la Ciudad que han denunciado el fracaso de aquellos en la planificaci\u00f3n urbana y el reconocimiento de su papel fundamental en la construcci\u00f3n de ciudades m\u00e1s justas e inclusivas.<\/p>\n<p>El Manifiesto destaca<strong>&nbsp;la necesidad de adoptar medidas para combatir la discriminaci\u00f3n<\/strong>&nbsp;contra las mujeres y las ni\u00f1as&nbsp;; la importancia de garantizar su participaci\u00f3n pol\u00edtica&nbsp; el acceso a una vivienda adecuada&nbsp;; urgencia disfrutar de las ciudades libres de violencia, a ser capaz de desarrollar plenamente sus capacidades en lo econ\u00f3mico, social, pol\u00edtico y cultural, y para reconocer y compensar el trabajo de cuidado en los hogares y las comunidades.<\/p>\n<h2 class=\"spip\">Un mundo mejor<\/h2>\n<p>Vamos a disfrutar de un mundo mejor si las mujeres puedan alcanzar su pleno potencial, si tienen la oportunidad de participar en todos los niveles de toma de decisi\u00f3n en los \u00e1mbitos pol\u00edtico, social, cultural, econ\u00f3mico, y de la vida p\u00fablica, si se siente seguro y libre, si tienen un acceso asequible a la vivienda adecuada y el acceso a los servicios p\u00fablicos, si el trabajo de cuidado se redistribuye y se incluye en las pol\u00edticas p\u00fablicas, si tienen un trabajo, una dignidad y una equitativa de los ingresos, si tienen algo que decir en el proceso de planificaci\u00f3n, la producci\u00f3n y el uso de los espacios urbanos, si su diversidad es reconocida y respetada y si son tratados con igualdad de g\u00e9nero.<\/p>\n<div class=\"spip_document_448 spip_document spip_documents spip_document_image spip_documents_center spip_document_center\">\n<figure class=\"spip_doc_inner\"><a class=\"spip_doc_lien mediabox\" href=\"https:\/\/urbamonde.org\/IMG\/png\/mdvf-1-980x551.png\" type=\"image\/png\"><img fetchpriority=\"high\" decoding=\"async\" src=\"https:\/\/urbamonde.org\/IMG\/png\/mdvf-1-980x551.png\" alt=\"\" width=\"980\" height=\"551\"><\/a><\/figure>\n<\/div>\n<div class=\"spip_document_447 spip_document spip_documents spip_document_image spip_documents_center spip_document_center\">\n<figure class=\"spip_doc_inner\"><a class=\"spip_doc_lien mediabox\" href=\"https:\/\/urbamonde.org\/IMG\/png\/mdvf-2-980x551.png\" type=\"image\/png\"><img decoding=\"async\" src=\"https:\/\/urbamonde.org\/IMG\/png\/mdvf-2-980x551.png\" alt=\"\" width=\"980\" height=\"551\"><\/a><\/figure>\n<\/div>\n<div class=\"spip_document_449 spip_document spip_documents spip_document_image spip_documents_center spip_document_center\">\n<figure class=\"spip_doc_inner\"><a class=\"spip_doc_lien mediabox\" href=\"https:\/\/urbamonde.org\/IMG\/png\/mdvf-3-980x551.png\" type=\"image\/png\"><img decoding=\"async\" src=\"https:\/\/urbamonde.org\/IMG\/png\/mdvf-3-980x551.png\" alt=\"\" width=\"980\" height=\"551\"><\/a><\/figure>\n<\/div>\n<div class=\"spip_document_450 spip_document spip_documents spip_document_image spip_documents_center spip_document_center\">\n<figure class=\"spip_doc_inner\"><a class=\"spip_doc_lien mediabox\" href=\"https:\/\/urbamonde.org\/IMG\/png\/mdvf-4-980x551.png\" type=\"image\/png\"><img loading=\"lazy\" decoding=\"async\" src=\"https:\/\/urbamonde.org\/IMG\/png\/mdvf-4-980x551.png\" alt=\"\" width=\"980\" height=\"551\"><\/a><\/figure>\n<\/div>\n<div class=\"spip_document_451 spip_document spip_documents spip_document_image spip_documents_center spip_document_center\">\n<figure class=\"spip_doc_inner\"><a class=\"spip_doc_lien mediabox\" href=\"https:\/\/urbamonde.org\/IMG\/png\/mdvf-5-980x551.png\" type=\"image\/png\"><img loading=\"lazy\" decoding=\"async\" src=\"https:\/\/urbamonde.org\/IMG\/png\/mdvf-5-980x551.png\" alt=\"\" width=\"980\" height=\"551\"><\/a><\/figure>\n<\/div>\n<div class=\"spip_document_452 spip_document spip_documents spip_document_image spip_documents_center spip_document_center\">\n<figure class=\"spip_doc_inner\"><a class=\"spip_doc_lien mediabox\" href=\"https:\/\/urbamonde.org\/IMG\/png\/mdvf-6-980x551.png\" type=\"image\/png\"><img loading=\"lazy\" decoding=\"async\" src=\"https:\/\/urbamonde.org\/IMG\/png\/mdvf-6-980x551.png\" alt=\"\" width=\"980\" height=\"551\"><\/a><\/figure>\n<\/div>\n<div class=\"spip_document_453 spip_document spip_documents spip_document_image spip_documents_center spip_document_center\">\n<figure class=\"spip_doc_inner\"><a class=\"spip_doc_lien mediabox\" href=\"https:\/\/urbamonde.org\/IMG\/png\/mdvf-7-980x551.png\" type=\"image\/png\"><img loading=\"lazy\" decoding=\"async\" src=\"https:\/\/urbamonde.org\/IMG\/png\/mdvf-7-980x551.png\" alt=\"\" width=\"980\" height=\"551\"><\/a><\/figure>\n<\/div>\n<div class=\"spip_document_454 spip_document spip_documents spip_document_image spip_documents_center spip_document_center\">\n<figure class=\"spip_doc_inner\"><a class=\"spip_doc_lien mediabox\" href=\"https:\/\/urbamonde.org\/IMG\/png\/mdvf-8-980x551.png\" type=\"image\/png\"><img loading=\"lazy\" decoding=\"async\" src=\"https:\/\/urbamonde.org\/IMG\/png\/mdvf-8-980x551.png\" alt=\"\" width=\"980\" height=\"551\"><\/a><\/figure>\n<\/div>\n<div class=\"spip_document_455 spip_document spip_documents spip_document_image spip_documents_center spip_document_center\">\n<figure class=\"spip_doc_inner\"><a class=\"spip_doc_lien mediabox\" href=\"https:\/\/urbamonde.org\/IMG\/png\/mdvf-9-980x551.png\" type=\"image\/png\"><img loading=\"lazy\" decoding=\"async\" src=\"https:\/\/urbamonde.org\/IMG\/png\/mdvf-9-980x551.png\" alt=\"\" width=\"980\" height=\"551\"><\/a><\/figure>\n<\/div>\n<div class=\"spip_document_456 spip_document spip_documents spip_document_image spip_documents_center spip_document_center\">\n<figure class=\"spip_doc_inner\"><a class=\"spip_doc_lien mediabox\" href=\"https:\/\/urbamonde.org\/IMG\/png\/mdvf-10-980x551.png\" type=\"image\/png\"><img loading=\"lazy\" decoding=\"async\" src=\"https:\/\/urbamonde.org\/IMG\/png\/mdvf-10-980x551.png\" alt=\"\" width=\"980\" height=\"551\"><\/a><\/figure>\n<\/div>\n<div class=\"spip_document_457 spip_document spip_documents spip_document_image spip_documents_center spip_document_center\">\n<figure class=\"spip_doc_inner\"><a class=\"spip_doc_lien mediabox\" href=\"https:\/\/urbamonde.org\/IMG\/png\/mdvf-11-980x551.png\" type=\"image\/png\"><img loading=\"lazy\" decoding=\"async\" src=\"https:\/\/urbamonde.org\/IMG\/png\/mdvf-11-980x551.png\" alt=\"\" width=\"980\" height=\"551\"><\/a><\/figure>\n<\/div>\n<p><a class=\"spip_out\" href=\"https:\/\/www.right2city.org\/fr\/iwd2023-womens-right-to-the-city-manifesto\/\" target=\"_blank\" rel=\"noopener noreferrer external\">\u25b6&nbsp;<strong>Ver el Manifiesto completo<\/strong><\/a><\/p>","protected":false},"excerpt":{"rendered":"<p>UrbaMonde se uni\u00f3 a la Plataforma Global por el Derecho a la Ciudad en su Manifiesto sobre los Derechos de las mujeres en la Ciudad de &nbsp; los miembros y aliados de la Plataforma Global por el Derecho a la Ciudad (PGDV) se unir\u00e1 a m\u00e1s de la mitad de la poblaci\u00f3n mundial a participar [&hellip;]<\/p>","protected":false},"author":5,"featured_media":589,"comment_status":"open","ping_status":"open","sticky":false,"template":"","format":"standard","meta":{"footnotes":""},"categories":[81],"tags":[],"class_list":["post-1565","post","type-post","status-publish","format-standard","has-post-thumbnail","hentry","category-ciudades-participativas"],"acf":[],"yoast_head":"<!-- This site is optimized with the Yoast SEO plugin v27.4 - https:\/\/yoast.com\/product\/yoast-seo-wordpress\/ -->\n<title>8 de marzo : un Manifiesto sobre los Derechos de las mujeres en la Ciudad - urbaMonde<\/title>\n<meta name=\"robots\" content=\"index, follow, max-snippet:-1, max-image-preview:large, max-video-preview:-1\" \/>\n<link rel=\"canonical\" href=\"https:\/\/urbamonde.org\/es\/8-de-marzo-un-manifiesto-sobre-los-derechos-de-las-mujeres-en-la-ciudad\/\" \/>\n<meta property=\"og:locale\" content=\"es_ES\" \/>\n<meta property=\"og:type\" content=\"article\" \/>\n<meta property=\"og:title\" content=\"8 de marzo : un Manifiesto sobre los Derechos de las mujeres en la Ciudad - urbaMonde\" \/>\n<meta property=\"og:description\" content=\"UrbaMonde se uni\u00f3 a la Plataforma Global por el Derecho a la Ciudad en su Manifiesto sobre los Derechos de las mujeres en la Ciudad de &nbsp; los miembros y aliados de la Plataforma Global por el Derecho a la Ciudad (PGDV) se unir\u00e1 a m\u00e1s de la mitad de la poblaci\u00f3n mundial a participar [&hellip;]\" \/>\n<meta property=\"og:url\" content=\"https:\/\/urbamonde.org\/es\/8-de-marzo-un-manifiesto-sobre-los-derechos-de-las-mujeres-en-la-ciudad\/\" \/>\n<meta property=\"og:site_name\" content=\"urbaMonde\" \/>\n<meta property=\"article:publisher\" content=\"https:\/\/www.facebook.com\/urbaMonde\/\" \/>\n<meta property=\"article:published_time\" content=\"2023-03-07T11:55:48+00:00\" \/>\n<meta property=\"article:modified_time\" content=\"2025-01-22T07:17:29+00:00\" \/>\n<meta property=\"og:image\" content=\"https:\/\/urbamonde.org\/wp-content\/uploads\/2024\/10\/be6feb69bed48d48099f23027aa613.png\" \/>\n\t<meta property=\"og:image:width\" content=\"690\" \/>\n\t<meta property=\"og:image:height\" content=\"435\" \/>\n\t<meta property=\"og:image:type\" content=\"image\/png\" \/>\n<meta name=\"author\" content=\"njato\" \/>\n<meta name=\"twitter:card\" content=\"summary_large_image\" \/>\n<meta name=\"twitter:label1\" content=\"Escrito por\" \/>\n\t<meta name=\"twitter:data1\" content=\"njato\" \/>\n\t<meta name=\"twitter:label2\" content=\"Tiempo de lectura\" \/>\n\t<meta name=\"twitter:data2\" content=\"2 minutos\" \/>\n<script type=\"application\/ld+json\" class=\"yoast-schema-graph\">{\"@context\":\"https:\\\/\\\/schema.org\",\"@graph\":[{\"@type\":\"Article\",\"@id\":\"https:\\\/\\\/urbamonde.org\\\/es\\\/8-de-marzo-un-manifiesto-sobre-los-derechos-de-las-mujeres-en-la-ciudad\\\/#article\",\"isPartOf\":{\"@id\":\"https:\\\/\\\/urbamonde.org\\\/es\\\/8-de-marzo-un-manifiesto-sobre-los-derechos-de-las-mujeres-en-la-ciudad\\\/\"},\"author\":{\"name\":\"njato\",\"@id\":\"https:\\\/\\\/urbamonde.org\\\/es\\\/#\\\/schema\\\/person\\\/d1fa8d0b4d40c7f1933d29ab86a485f5\"},\"headline\":\"8 de marzo : un Manifiesto sobre los Derechos de las mujeres en la Ciudad\",\"datePublished\":\"2023-03-07T11:55:48+00:00\",\"dateModified\":\"2025-01-22T07:17:29+00:00\",\"mainEntityOfPage\":{\"@id\":\"https:\\\/\\\/urbamonde.org\\\/es\\\/8-de-marzo-un-manifiesto-sobre-los-derechos-de-las-mujeres-en-la-ciudad\\\/\"},\"wordCount\":359,\"commentCount\":0,\"publisher\":{\"@id\":\"https:\\\/\\\/urbamonde.org\\\/es\\\/#organization\"},\"image\":{\"@id\":\"https:\\\/\\\/urbamonde.org\\\/es\\\/8-de-marzo-un-manifiesto-sobre-los-derechos-de-las-mujeres-en-la-ciudad\\\/#primaryimage\"},\"thumbnailUrl\":\"https:\\\/\\\/urbamonde.org\\\/wp-content\\\/uploads\\\/2024\\\/10\\\/be6feb69bed48d48099f23027aa613.png\",\"articleSection\":[\"Ciudades participativas\"],\"inLanguage\":\"es\",\"potentialAction\":[{\"@type\":\"CommentAction\",\"name\":\"Comment\",\"target\":[\"https:\\\/\\\/urbamonde.org\\\/es\\\/8-de-marzo-un-manifiesto-sobre-los-derechos-de-las-mujeres-en-la-ciudad\\\/#respond\"]}]},{\"@type\":\"WebPage\",\"@id\":\"https:\\\/\\\/urbamonde.org\\\/es\\\/8-de-marzo-un-manifiesto-sobre-los-derechos-de-las-mujeres-en-la-ciudad\\\/\",\"url\":\"https:\\\/\\\/urbamonde.org\\\/es\\\/8-de-marzo-un-manifiesto-sobre-los-derechos-de-las-mujeres-en-la-ciudad\\\/\",\"name\":\"8 de marzo : un Manifiesto sobre los Derechos de las mujeres en la Ciudad - urbaMonde\",\"isPartOf\":{\"@id\":\"https:\\\/\\\/urbamonde.org\\\/es\\\/#website\"},\"primaryImageOfPage\":{\"@id\":\"https:\\\/\\\/urbamonde.org\\\/es\\\/8-de-marzo-un-manifiesto-sobre-los-derechos-de-las-mujeres-en-la-ciudad\\\/#primaryimage\"},\"image\":{\"@id\":\"https:\\\/\\\/urbamonde.org\\\/es\\\/8-de-marzo-un-manifiesto-sobre-los-derechos-de-las-mujeres-en-la-ciudad\\\/#primaryimage\"},\"thumbnailUrl\":\"https:\\\/\\\/urbamonde.org\\\/wp-content\\\/uploads\\\/2024\\\/10\\\/be6feb69bed48d48099f23027aa613.png\",\"datePublished\":\"2023-03-07T11:55:48+00:00\",\"dateModified\":\"2025-01-22T07:17:29+00:00\",\"breadcrumb\":{\"@id\":\"https:\\\/\\\/urbamonde.org\\\/es\\\/8-de-marzo-un-manifiesto-sobre-los-derechos-de-las-mujeres-en-la-ciudad\\\/#breadcrumb\"},\"inLanguage\":\"es\",\"potentialAction\":[{\"@type\":\"ReadAction\",\"target\":[\"https:\\\/\\\/urbamonde.org\\\/es\\\/8-de-marzo-un-manifiesto-sobre-los-derechos-de-las-mujeres-en-la-ciudad\\\/\"]}]},{\"@type\":\"ImageObject\",\"inLanguage\":\"es\",\"@id\":\"https:\\\/\\\/urbamonde.org\\\/es\\\/8-de-marzo-un-manifiesto-sobre-los-derechos-de-las-mujeres-en-la-ciudad\\\/#primaryimage\",\"url\":\"https:\\\/\\\/urbamonde.org\\\/wp-content\\\/uploads\\\/2024\\\/10\\\/be6feb69bed48d48099f23027aa613.png\",\"contentUrl\":\"https:\\\/\\\/urbamonde.org\\\/wp-content\\\/uploads\\\/2024\\\/10\\\/be6feb69bed48d48099f23027aa613.png\",\"width\":690,\"height\":435},{\"@type\":\"BreadcrumbList\",\"@id\":\"https:\\\/\\\/urbamonde.org\\\/es\\\/8-de-marzo-un-manifiesto-sobre-los-derechos-de-las-mujeres-en-la-ciudad\\\/#breadcrumb\",\"itemListElement\":[{\"@type\":\"ListItem\",\"position\":1,\"name\":\"Accueil\",\"item\":\"https:\\\/\\\/urbamonde.org\\\/es\\\/\"},{\"@type\":\"ListItem\",\"position\":2,\"name\":\"8 de marzo : un Manifiesto sobre los Derechos de las mujeres en la Ciudad\"}]},{\"@type\":\"WebSite\",\"@id\":\"https:\\\/\\\/urbamonde.org\\\/es\\\/#website\",\"url\":\"https:\\\/\\\/urbamonde.org\\\/es\\\/\",\"name\":\"urbaMonde\",\"description\":\"des villes durables par et pour les habitant\u00b7es\",\"publisher\":{\"@id\":\"https:\\\/\\\/urbamonde.org\\\/es\\\/#organization\"},\"potentialAction\":[{\"@type\":\"SearchAction\",\"target\":{\"@type\":\"EntryPoint\",\"urlTemplate\":\"https:\\\/\\\/urbamonde.org\\\/es\\\/?s={search_term_string}\"},\"query-input\":{\"@type\":\"PropertyValueSpecification\",\"valueRequired\":true,\"valueName\":\"search_term_string\"}}],\"inLanguage\":\"es\"},{\"@type\":\"Organization\",\"@id\":\"https:\\\/\\\/urbamonde.org\\\/es\\\/#organization\",\"name\":\"urbaMonde\",\"url\":\"https:\\\/\\\/urbamonde.org\\\/es\\\/\",\"logo\":{\"@type\":\"ImageObject\",\"inLanguage\":\"es\",\"@id\":\"https:\\\/\\\/urbamonde.org\\\/es\\\/#\\\/schema\\\/logo\\\/image\\\/\",\"url\":\"https:\\\/\\\/urbamonde.org\\\/wp-content\\\/uploads\\\/2024\\\/10\\\/logo-urbamonde-fr.png\",\"contentUrl\":\"https:\\\/\\\/urbamonde.org\\\/wp-content\\\/uploads\\\/2024\\\/10\\\/logo-urbamonde-fr.png\",\"width\":271,\"height\":65,\"caption\":\"urbaMonde\"},\"image\":{\"@id\":\"https:\\\/\\\/urbamonde.org\\\/es\\\/#\\\/schema\\\/logo\\\/image\\\/\"},\"sameAs\":[\"https:\\\/\\\/www.facebook.com\\\/urbaMonde\\\/\",\"https:\\\/\\\/www.linkedin.com\\\/company\\\/urbamonde\",\"https:\\\/\\\/www.instagram.com\\\/urba.monde\\\/\"]},{\"@type\":\"Person\",\"@id\":\"https:\\\/\\\/urbamonde.org\\\/es\\\/#\\\/schema\\\/person\\\/d1fa8d0b4d40c7f1933d29ab86a485f5\",\"name\":\"njato\",\"image\":{\"@type\":\"ImageObject\",\"inLanguage\":\"es\",\"@id\":\"https:\\\/\\\/secure.gravatar.com\\\/avatar\\\/fb7975e14d19cd4d63178b531e1a3e74cc198f3ac6d3e7d44f7b0d7871bcc97b?s=96&d=mm&r=g\",\"url\":\"https:\\\/\\\/secure.gravatar.com\\\/avatar\\\/fb7975e14d19cd4d63178b531e1a3e74cc198f3ac6d3e7d44f7b0d7871bcc97b?s=96&d=mm&r=g\",\"contentUrl\":\"https:\\\/\\\/secure.gravatar.com\\\/avatar\\\/fb7975e14d19cd4d63178b531e1a3e74cc198f3ac6d3e7d44f7b0d7871bcc97b?s=96&d=mm&r=g\",\"caption\":\"njato\"},\"url\":\"https:\\\/\\\/urbamonde.org\\\/es\\\/author\\\/njato\\\/\"}]}<\/script>\n<!-- \/ Yoast SEO plugin. -->","yoast_head_json":{"title":"8 de marzo : un Manifiesto sobre los Derechos de las mujeres en la Ciudad - urbaMonde","robots":{"index":"index","follow":"follow","max-snippet":"max-snippet:-1","max-image-preview":"max-image-preview:large","max-video-preview":"max-video-preview:-1"},"canonical":"https:\/\/urbamonde.org\/es\/8-de-marzo-un-manifiesto-sobre-los-derechos-de-las-mujeres-en-la-ciudad\/","og_locale":"es_ES","og_type":"article","og_title":"8 de marzo : un Manifiesto sobre los Derechos de las mujeres en la Ciudad - urbaMonde","og_description":"UrbaMonde se uni\u00f3 a la Plataforma Global por el Derecho a la Ciudad en su Manifiesto sobre los Derechos de las mujeres en la Ciudad de &nbsp; los miembros y aliados de la Plataforma Global por el Derecho a la Ciudad (PGDV) se unir\u00e1 a m\u00e1s de la mitad de la poblaci\u00f3n mundial a participar [&hellip;]","og_url":"https:\/\/urbamonde.org\/es\/8-de-marzo-un-manifiesto-sobre-los-derechos-de-las-mujeres-en-la-ciudad\/","og_site_name":"urbaMonde","article_publisher":"https:\/\/www.facebook.com\/urbaMonde\/","article_published_time":"2023-03-07T11:55:48+00:00","article_modified_time":"2025-01-22T07:17:29+00:00","og_image":[{"width":690,"height":435,"url":"https:\/\/urbamonde.org\/wp-content\/uploads\/2024\/10\/be6feb69bed48d48099f23027aa613.png","type":"image\/png"}],"author":"njato","twitter_card":"summary_large_image","twitter_misc":{"Escrito por":"njato","Tiempo de lectura":"2 minutos"},"schema":{"@context":"https:\/\/schema.org","@graph":[{"@type":"Article","@id":"https:\/\/urbamonde.org\/es\/8-de-marzo-un-manifiesto-sobre-los-derechos-de-las-mujeres-en-la-ciudad\/#article","isPartOf":{"@id":"https:\/\/urbamonde.org\/es\/8-de-marzo-un-manifiesto-sobre-los-derechos-de-las-mujeres-en-la-ciudad\/"},"author":{"name":"njato","@id":"https:\/\/urbamonde.org\/es\/#\/schema\/person\/d1fa8d0b4d40c7f1933d29ab86a485f5"},"headline":"8 de marzo : un Manifiesto sobre los Derechos de las mujeres en la Ciudad","datePublished":"2023-03-07T11:55:48+00:00","dateModified":"2025-01-22T07:17:29+00:00","mainEntityOfPage":{"@id":"https:\/\/urbamonde.org\/es\/8-de-marzo-un-manifiesto-sobre-los-derechos-de-las-mujeres-en-la-ciudad\/"},"wordCount":359,"commentCount":0,"publisher":{"@id":"https:\/\/urbamonde.org\/es\/#organization"},"image":{"@id":"https:\/\/urbamonde.org\/es\/8-de-marzo-un-manifiesto-sobre-los-derechos-de-las-mujeres-en-la-ciudad\/#primaryimage"},"thumbnailUrl":"https:\/\/urbamonde.org\/wp-content\/uploads\/2024\/10\/be6feb69bed48d48099f23027aa613.png","articleSection":["Ciudades participativas"],"inLanguage":"es","potentialAction":[{"@type":"CommentAction","name":"Comment","target":["https:\/\/urbamonde.org\/es\/8-de-marzo-un-manifiesto-sobre-los-derechos-de-las-mujeres-en-la-ciudad\/#respond"]}]},{"@type":"WebPage","@id":"https:\/\/urbamonde.org\/es\/8-de-marzo-un-manifiesto-sobre-los-derechos-de-las-mujeres-en-la-ciudad\/","url":"https:\/\/urbamonde.org\/es\/8-de-marzo-un-manifiesto-sobre-los-derechos-de-las-mujeres-en-la-ciudad\/","name":"8 de marzo : un Manifiesto sobre los Derechos de las mujeres en la Ciudad - urbaMonde","isPartOf":{"@id":"https:\/\/urbamonde.org\/es\/#website"},"primaryImageOfPage":{"@id":"https:\/\/urbamonde.org\/es\/8-de-marzo-un-manifiesto-sobre-los-derechos-de-las-mujeres-en-la-ciudad\/#primaryimage"},"image":{"@id":"https:\/\/urbamonde.org\/es\/8-de-marzo-un-manifiesto-sobre-los-derechos-de-las-mujeres-en-la-ciudad\/#primaryimage"},"thumbnailUrl":"https:\/\/urbamonde.org\/wp-content\/uploads\/2024\/10\/be6feb69bed48d48099f23027aa613.png","datePublished":"2023-03-07T11:55:48+00:00","dateModified":"2025-01-22T07:17:29+00:00","breadcrumb":{"@id":"https:\/\/urbamonde.org\/es\/8-de-marzo-un-manifiesto-sobre-los-derechos-de-las-mujeres-en-la-ciudad\/#breadcrumb"},"inLanguage":"es","potentialAction":[{"@type":"ReadAction","target":["https:\/\/urbamonde.org\/es\/8-de-marzo-un-manifiesto-sobre-los-derechos-de-las-mujeres-en-la-ciudad\/"]}]},{"@type":"ImageObject","inLanguage":"es","@id":"https:\/\/urbamonde.org\/es\/8-de-marzo-un-manifiesto-sobre-los-derechos-de-las-mujeres-en-la-ciudad\/#primaryimage","url":"https:\/\/urbamonde.org\/wp-content\/uploads\/2024\/10\/be6feb69bed48d48099f23027aa613.png","contentUrl":"https:\/\/urbamonde.org\/wp-content\/uploads\/2024\/10\/be6feb69bed48d48099f23027aa613.png","width":690,"height":435},{"@type":"BreadcrumbList","@id":"https:\/\/urbamonde.org\/es\/8-de-marzo-un-manifiesto-sobre-los-derechos-de-las-mujeres-en-la-ciudad\/#breadcrumb","itemListElement":[{"@type":"ListItem","position":1,"name":"Accueil","item":"https:\/\/urbamonde.org\/es\/"},{"@type":"ListItem","position":2,"name":"8 de marzo : un Manifiesto sobre los Derechos de las mujeres en la Ciudad"}]},{"@type":"WebSite","@id":"https:\/\/urbamonde.org\/es\/#website","url":"https:\/\/urbamonde.org\/es\/","name":"urbaMonde","description":"des villes durables par et pour les habitant\u00b7es","publisher":{"@id":"https:\/\/urbamonde.org\/es\/#organization"},"potentialAction":[{"@type":"SearchAction","target":{"@type":"EntryPoint","urlTemplate":"https:\/\/urbamonde.org\/es\/?s={search_term_string}"},"query-input":{"@type":"PropertyValueSpecification","valueRequired":true,"valueName":"search_term_string"}}],"inLanguage":"es"},{"@type":"Organization","@id":"https:\/\/urbamonde.org\/es\/#organization","name":"urbaMonde","url":"https:\/\/urbamonde.org\/es\/","logo":{"@type":"ImageObject","inLanguage":"es","@id":"https:\/\/urbamonde.org\/es\/#\/schema\/logo\/image\/","url":"https:\/\/urbamonde.org\/wp-content\/uploads\/2024\/10\/logo-urbamonde-fr.png","contentUrl":"https:\/\/urbamonde.org\/wp-content\/uploads\/2024\/10\/logo-urbamonde-fr.png","width":271,"height":65,"caption":"urbaMonde"},"image":{"@id":"https:\/\/urbamonde.org\/es\/#\/schema\/logo\/image\/"},"sameAs":["https:\/\/www.facebook.com\/urbaMonde\/","https:\/\/www.linkedin.com\/company\/urbamonde","https:\/\/www.instagram.com\/urba.monde\/"]},{"@type":"Person","@id":"https:\/\/urbamonde.org\/es\/#\/schema\/person\/d1fa8d0b4d40c7f1933d29ab86a485f5","name":"njato","image":{"@type":"ImageObject","inLanguage":"es","@id":"https:\/\/secure.gravatar.com\/avatar\/fb7975e14d19cd4d63178b531e1a3e74cc198f3ac6d3e7d44f7b0d7871bcc97b?s=96&d=mm&r=g","url":"https:\/\/secure.gravatar.com\/avatar\/fb7975e14d19cd4d63178b531e1a3e74cc198f3ac6d3e7d44f7b0d7871bcc97b?s=96&d=mm&r=g","contentUrl":"https:\/\/secure.gravatar.com\/avatar\/fb7975e14d19cd4d63178b531e1a3e74cc198f3ac6d3e7d44f7b0d7871bcc97b?s=96&d=mm&r=g","caption":"njato"},"url":"https:\/\/urbamonde.org\/es\/author\/njato\/"}]}},"_links":{"self":[{"href":"https:\/\/urbamonde.org\/es\/wp-json\/wp\/v2\/posts\/1565","targetHints":{"allow":["GET"]}}],"collection":[{"href":"https:\/\/urbamonde.org\/es\/wp-json\/wp\/v2\/posts"}],"about":[{"href":"https:\/\/urbamonde.org\/es\/wp-json\/wp\/v2\/types\/post"}],"author":[{"embeddable":true,"href":"https:\/\/urbamonde.org\/es\/wp-json\/wp\/v2\/users\/5"}],"replies":[{"embeddable":true,"href":"https:\/\/urbamonde.org\/es\/wp-json\/wp\/v2\/comments?post=1565"}],"version-history":[{"count":1,"href":"https:\/\/urbamonde.org\/es\/wp-json\/wp\/v2\/posts\/1565\/revisions"}],"predecessor-version":[{"id":1578,"href":"https:\/\/urbamonde.org\/es\/wp-json\/wp\/v2\/posts\/1565\/revisions\/1578"}],"wp:featuredmedia":[{"embeddable":true,"href":"https:\/\/urbamonde.org\/es\/wp-json\/wp\/v2\/media\/589"}],"wp:attachment":[{"href":"https:\/\/urbamonde.org\/es\/wp-json\/wp\/v2\/media?parent=1565"}],"wp:term":[{"taxonomy":"category","embeddable":true,"href":"https:\/\/urbamonde.org\/es\/wp-json\/wp\/v2\/categories?post=1565"},{"taxonomy":"post_tag","embeddable":true,"href":"https:\/\/urbamonde.org\/es\/wp-json\/wp\/v2\/tags?post=1565"}],"curies":[{"name":"wp","href":"https:\/\/api.w.org\/{rel}","templated":true}]}}