{"id":1605,"date":"2023-11-09T12:29:53","date_gmt":"2023-11-09T11:29:53","guid":{"rendered":"https:\/\/preview.urbamonde.org\/?p=1605"},"modified":"2026-04-27T11:19:46","modified_gmt":"2026-04-27T09:19:46","slug":"3er-seminario-nacional-de-ttc-en-brasil","status":"publish","type":"post","link":"https:\/\/urbamonde.org\/es\/3er-seminario-nacional-de-ttc-en-brasil\/","title":{"rendered":"3er seminario nacional de TTC en Brasil"},"content":{"rendered":"<h2 class=\"spip\">Organizado para conmemorar los 5 a\u00f1os del proyecto (IVA incluido), el evento fue la oportunidad para una exploraci\u00f3n en profundidad de los modelos de Community Land Trust (CLT)\u00a0; esta en la presencia de representantes del movimiento de todo el mundo.<\/h2>\n<p>&nbsp;<\/p>\n<p>el 28 de octubre de 2023, con nuestra pareja\u00a0<a class=\"spip_out\" href=\"https:\/\/catcomm.org\/\" target=\"_blank\" rel=\"noopener noreferrer external\">Catal\u00edtica de las Comunidades<\/a>\u00a0celebr\u00f3 su 3er seminario nacional en R\u00edo de Janeiro, en la que nuestro director de proyecto, Nina Quintas fue capaz de participar en persona.<\/p>\n<div class=\"spip_document_555 spip_document spip_documents spip_document_image spip_documents_center spip_document_center\">\n<figure class=\"spip_doc_inner\"><a class=\"spip_doc_lien mediabox\" href=\"https:\/\/urbamonde.org\/IMG\/jpg\/53302184686_46d7986353_k.jpg\" type=\"image\/jpeg\"><img fetchpriority=\"high\" decoding=\"async\" src=\"https:\/\/urbamonde.org\/IMG\/jpg\/53302184686_46d7986353_k.jpg\" alt=\"\" width=\"2048\" height=\"1152\" \/><\/a><\/figure>\n<\/div>\n<p>Representante-e-s CLT Puerto Rico (Ca\u00f1o Mart\u00edn Pe\u00f1a), Houston (<a class=\"spip_out\" href=\"https:\/\/www.houstonclt.org\/\" target=\"_blank\" rel=\"noopener noreferrer external\">Houston Community Land Trust<\/a>) y de Londres (the<a class=\"spip_out\" href=\"https:\/\/www.londonclt.org\/\" target=\"_blank\" rel=\"noopener noreferrer external\">London Community Land Trust<\/a>) participaron.<\/p>\n<div class=\"spip_document_556 spip_document spip_documents spip_document_image spip_documents_center spip_document_center\">\n<figure class=\"spip_doc_inner\"><a class=\"spip_doc_lien mediabox\" href=\"https:\/\/urbamonde.org\/IMG\/jpg\/53302190966_5760f323fd_k.jpg\" type=\"image\/jpeg\"><img decoding=\"async\" src=\"https:\/\/urbamonde.org\/IMG\/jpg\/53302190966_5760f323fd_k.jpg\" alt=\"\" width=\"2048\" height=\"1367\" \/><\/a><\/figure>\n<\/div>\n<p>Este fue un momento hist\u00f3rico para el proyecto y una experiencia \u00fanica de la construcci\u00f3n de redes y el intercambio de experiencias entre las Ct en todo el mundo.<\/p>\n<div class=\"spip_document_557 spip_document spip_documents spip_document_image spip_documents_center spip_document_center\">\n<figure class=\"spip_doc_inner\"><a class=\"spip_doc_lien mediabox\" href=\"https:\/\/urbamonde.org\/IMG\/jpg\/53301335047_7b47386028_k.jpg\" type=\"image\/jpeg\"><img decoding=\"async\" src=\"https:\/\/urbamonde.org\/IMG\/jpg\/53301335047_7b47386028_k.jpg\" alt=\"\" width=\"2048\" height=\"1367\" \/><\/a><\/figure>\n<\/div>\n<div class=\"spip_document_558 spip_document spip_documents spip_document_image spip_documents_center spip_document_center\">\n<figure class=\"spip_doc_inner\"><a class=\"spip_doc_lien mediabox\" href=\"https:\/\/urbamonde.org\/IMG\/jpg\/53302570774_46827e1dec_k.jpg\" type=\"image\/jpeg\"><img loading=\"lazy\" decoding=\"async\" src=\"https:\/\/urbamonde.org\/IMG\/jpg\/53302570774_46827e1dec_k.jpg\" alt=\"\" width=\"2048\" height=\"1367\" \/><\/a><\/figure>\n<\/div>\n<p>El participante-e-s han tenido la oportunidad de discutir el potencial de la modelo en Brasil y ver el impacto de la Ct en el mundo, especialmente para las comunidades vulnerables. Este es un paso importante para el movimiento global, que est\u00e1 ganando m\u00e1s y m\u00e1s fuerza.<\/p>\n<div class=\"spip_document_559 spip_document spip_documents spip_document_image spip_documents_center spip_document_center\">\n<figure class=\"spip_doc_inner\"><a class=\"spip_doc_lien mediabox\" href=\"https:\/\/urbamonde.org\/IMG\/jpg\/53302667155_bdd04759d7_k.jpg\" type=\"image\/jpeg\"><img loading=\"lazy\" decoding=\"async\" src=\"https:\/\/urbamonde.org\/IMG\/jpg\/53302667155_bdd04759d7_k.jpg\" alt=\"\" width=\"2048\" height=\"1367\" \/><\/a><\/figure>\n<\/div>\n<p>Al d\u00eda siguiente, intervenant-e-s l\u00edderes internacionales han visitado una de las comunidades proyecto piloto en R\u00edo de janeiro,\u00a0<a class=\"spip_in\" href=\"https:\/\/urbamonde.org\/es\/campo-de-mision-en-brasil\/\">Grupo Esperan\u00e7a<\/a> y se intercambia con el residente-e-s en la historia de la lucha de la comunidad y la actitud positiva que el DLC trae para el grupo.<\/p>\n<div class=\"spip_document_561 spip_document spip_documents spip_document_image spip_documents_center spip_document_center\">\n<figure class=\"spip_doc_inner\"><a class=\"spip_doc_lien mediabox\" href=\"https:\/\/urbamonde.org\/IMG\/jpg\/53302763065_f2ff25d766_k.jpg\" type=\"image\/jpeg\"><img loading=\"lazy\" decoding=\"async\" src=\"https:\/\/urbamonde.org\/IMG\/jpg\/53302763065_f2ff25d766_k.jpg\" alt=\"\" width=\"2048\" height=\"1367\" \/><\/a><\/figure>\n<\/div>","protected":false},"excerpt":{"rendered":"<p>Organizado para conmemorar los 5 a\u00f1os del proyecto (IVA incluido), el evento fue la oportunidad para una exploraci\u00f3n en profundidad de los modelos de Community Land Trust (CLT)\u00a0; esta en la presencia de representantes del movimiento de todo el mundo. &nbsp; el 28 de octubre de 2023, con nuestra pareja\u00a0Catal\u00edtica de las Comunidades\u00a0celebr\u00f3 su 3er [&hellip;]<\/p>","protected":false},"author":5,"featured_media":578,"comment_status":"open","ping_status":"open","sticky":false,"template":"","format":"standard","meta":{"footnotes":""},"categories":[93],"tags":[],"class_list":["post-1605","post","type-post","status-publish","format-standard","has-post-thumbnail","hentry","category-nuestros-proyectos"],"acf":[],"yoast_head":"<!-- This site is optimized with the Yoast SEO plugin v27.4 - https:\/\/yoast.com\/product\/yoast-seo-wordpress\/ -->\n<title>3er seminario nacional de TTC en Brasil - urbaMonde<\/title>\n<meta name=\"robots\" content=\"index, follow, max-snippet:-1, max-image-preview:large, max-video-preview:-1\" \/>\n<link rel=\"canonical\" href=\"https:\/\/urbamonde.org\/es\/3er-seminario-nacional-de-ttc-en-brasil\/\" \/>\n<meta property=\"og:locale\" content=\"es_ES\" \/>\n<meta property=\"og:type\" content=\"article\" \/>\n<meta property=\"og:title\" content=\"3er seminario nacional de TTC en Brasil - urbaMonde\" \/>\n<meta property=\"og:description\" content=\"Organizado para conmemorar los 5 a\u00f1os del proyecto (IVA incluido), el evento fue la oportunidad para una exploraci\u00f3n en profundidad de los modelos de Community Land Trust (CLT)\u00a0; esta en la presencia de representantes del movimiento de todo el mundo. &nbsp; el 28 de octubre de 2023, con nuestra pareja\u00a0Catal\u00edtica de las Comunidades\u00a0celebr\u00f3 su 3er [&hellip;]\" \/>\n<meta property=\"og:url\" content=\"https:\/\/urbamonde.org\/es\/3er-seminario-nacional-de-ttc-en-brasil\/\" \/>\n<meta property=\"og:site_name\" content=\"urbaMonde\" \/>\n<meta property=\"article:publisher\" content=\"https:\/\/www.facebook.com\/urbaMonde\/\" \/>\n<meta property=\"article:published_time\" content=\"2023-11-09T11:29:53+00:00\" \/>\n<meta property=\"article:modified_time\" content=\"2026-04-27T09:19:46+00:00\" \/>\n<meta property=\"og:image\" content=\"https:\/\/urbamonde.org\/wp-content\/uploads\/2024\/10\/d306b5d1091c5d27f7d0e60f2ceeaf.png\" \/>\n\t<meta property=\"og:image:width\" content=\"690\" \/>\n\t<meta property=\"og:image:height\" content=\"435\" \/>\n\t<meta property=\"og:image:type\" content=\"image\/png\" \/>\n<meta name=\"author\" content=\"njato\" \/>\n<meta name=\"twitter:card\" content=\"summary_large_image\" \/>\n<meta name=\"twitter:label1\" content=\"Escrito por\" \/>\n\t<meta name=\"twitter:data1\" content=\"njato\" \/>\n\t<meta name=\"twitter:label2\" content=\"Tiempo de lectura\" \/>\n\t<meta name=\"twitter:data2\" content=\"3 minutos\" \/>\n<script type=\"application\/ld+json\" class=\"yoast-schema-graph\">{\"@context\":\"https:\\\/\\\/schema.org\",\"@graph\":[{\"@type\":\"Article\",\"@id\":\"https:\\\/\\\/urbamonde.org\\\/es\\\/3er-seminario-nacional-de-ttc-en-brasil\\\/#article\",\"isPartOf\":{\"@id\":\"https:\\\/\\\/urbamonde.org\\\/es\\\/3er-seminario-nacional-de-ttc-en-brasil\\\/\"},\"author\":{\"name\":\"njato\",\"@id\":\"https:\\\/\\\/urbamonde.org\\\/es\\\/#\\\/schema\\\/person\\\/d1fa8d0b4d40c7f1933d29ab86a485f5\"},\"headline\":\"3er seminario nacional de TTC en Brasil\",\"datePublished\":\"2023-11-09T11:29:53+00:00\",\"dateModified\":\"2026-04-27T09:19:46+00:00\",\"mainEntityOfPage\":{\"@id\":\"https:\\\/\\\/urbamonde.org\\\/es\\\/3er-seminario-nacional-de-ttc-en-brasil\\\/\"},\"wordCount\":238,\"commentCount\":0,\"publisher\":{\"@id\":\"https:\\\/\\\/urbamonde.org\\\/es\\\/#organization\"},\"image\":{\"@id\":\"https:\\\/\\\/urbamonde.org\\\/es\\\/3er-seminario-nacional-de-ttc-en-brasil\\\/#primaryimage\"},\"thumbnailUrl\":\"https:\\\/\\\/urbamonde.org\\\/wp-content\\\/uploads\\\/2024\\\/10\\\/d306b5d1091c5d27f7d0e60f2ceeaf.png\",\"articleSection\":[\"Nuestros proyectos\"],\"inLanguage\":\"es\",\"potentialAction\":[{\"@type\":\"CommentAction\",\"name\":\"Comment\",\"target\":[\"https:\\\/\\\/urbamonde.org\\\/es\\\/3er-seminario-nacional-de-ttc-en-brasil\\\/#respond\"]}]},{\"@type\":\"WebPage\",\"@id\":\"https:\\\/\\\/urbamonde.org\\\/es\\\/3er-seminario-nacional-de-ttc-en-brasil\\\/\",\"url\":\"https:\\\/\\\/urbamonde.org\\\/es\\\/3er-seminario-nacional-de-ttc-en-brasil\\\/\",\"name\":\"3er seminario nacional de TTC en Brasil - urbaMonde\",\"isPartOf\":{\"@id\":\"https:\\\/\\\/urbamonde.org\\\/es\\\/#website\"},\"primaryImageOfPage\":{\"@id\":\"https:\\\/\\\/urbamonde.org\\\/es\\\/3er-seminario-nacional-de-ttc-en-brasil\\\/#primaryimage\"},\"image\":{\"@id\":\"https:\\\/\\\/urbamonde.org\\\/es\\\/3er-seminario-nacional-de-ttc-en-brasil\\\/#primaryimage\"},\"thumbnailUrl\":\"https:\\\/\\\/urbamonde.org\\\/wp-content\\\/uploads\\\/2024\\\/10\\\/d306b5d1091c5d27f7d0e60f2ceeaf.png\",\"datePublished\":\"2023-11-09T11:29:53+00:00\",\"dateModified\":\"2026-04-27T09:19:46+00:00\",\"breadcrumb\":{\"@id\":\"https:\\\/\\\/urbamonde.org\\\/es\\\/3er-seminario-nacional-de-ttc-en-brasil\\\/#breadcrumb\"},\"inLanguage\":\"es\",\"potentialAction\":[{\"@type\":\"ReadAction\",\"target\":[\"https:\\\/\\\/urbamonde.org\\\/es\\\/3er-seminario-nacional-de-ttc-en-brasil\\\/\"]}]},{\"@type\":\"ImageObject\",\"inLanguage\":\"es\",\"@id\":\"https:\\\/\\\/urbamonde.org\\\/es\\\/3er-seminario-nacional-de-ttc-en-brasil\\\/#primaryimage\",\"url\":\"https:\\\/\\\/urbamonde.org\\\/wp-content\\\/uploads\\\/2024\\\/10\\\/d306b5d1091c5d27f7d0e60f2ceeaf.png\",\"contentUrl\":\"https:\\\/\\\/urbamonde.org\\\/wp-content\\\/uploads\\\/2024\\\/10\\\/d306b5d1091c5d27f7d0e60f2ceeaf.png\",\"width\":690,\"height\":435},{\"@type\":\"BreadcrumbList\",\"@id\":\"https:\\\/\\\/urbamonde.org\\\/es\\\/3er-seminario-nacional-de-ttc-en-brasil\\\/#breadcrumb\",\"itemListElement\":[{\"@type\":\"ListItem\",\"position\":1,\"name\":\"Accueil\",\"item\":\"https:\\\/\\\/urbamonde.org\\\/es\\\/\"},{\"@type\":\"ListItem\",\"position\":2,\"name\":\"3er seminario nacional de TTC en Brasil\"}]},{\"@type\":\"WebSite\",\"@id\":\"https:\\\/\\\/urbamonde.org\\\/es\\\/#website\",\"url\":\"https:\\\/\\\/urbamonde.org\\\/es\\\/\",\"name\":\"urbaMonde\",\"description\":\"des villes durables par et pour les habitant\u00b7es\",\"publisher\":{\"@id\":\"https:\\\/\\\/urbamonde.org\\\/es\\\/#organization\"},\"potentialAction\":[{\"@type\":\"SearchAction\",\"target\":{\"@type\":\"EntryPoint\",\"urlTemplate\":\"https:\\\/\\\/urbamonde.org\\\/es\\\/?s={search_term_string}\"},\"query-input\":{\"@type\":\"PropertyValueSpecification\",\"valueRequired\":true,\"valueName\":\"search_term_string\"}}],\"inLanguage\":\"es\"},{\"@type\":\"Organization\",\"@id\":\"https:\\\/\\\/urbamonde.org\\\/es\\\/#organization\",\"name\":\"urbaMonde\",\"url\":\"https:\\\/\\\/urbamonde.org\\\/es\\\/\",\"logo\":{\"@type\":\"ImageObject\",\"inLanguage\":\"es\",\"@id\":\"https:\\\/\\\/urbamonde.org\\\/es\\\/#\\\/schema\\\/logo\\\/image\\\/\",\"url\":\"https:\\\/\\\/urbamonde.org\\\/wp-content\\\/uploads\\\/2024\\\/10\\\/logo-urbamonde-fr.png\",\"contentUrl\":\"https:\\\/\\\/urbamonde.org\\\/wp-content\\\/uploads\\\/2024\\\/10\\\/logo-urbamonde-fr.png\",\"width\":271,\"height\":65,\"caption\":\"urbaMonde\"},\"image\":{\"@id\":\"https:\\\/\\\/urbamonde.org\\\/es\\\/#\\\/schema\\\/logo\\\/image\\\/\"},\"sameAs\":[\"https:\\\/\\\/www.facebook.com\\\/urbaMonde\\\/\",\"https:\\\/\\\/www.linkedin.com\\\/company\\\/urbamonde\",\"https:\\\/\\\/www.instagram.com\\\/urba.monde\\\/\"]},{\"@type\":\"Person\",\"@id\":\"https:\\\/\\\/urbamonde.org\\\/es\\\/#\\\/schema\\\/person\\\/d1fa8d0b4d40c7f1933d29ab86a485f5\",\"name\":\"njato\",\"image\":{\"@type\":\"ImageObject\",\"inLanguage\":\"es\",\"@id\":\"https:\\\/\\\/secure.gravatar.com\\\/avatar\\\/fb7975e14d19cd4d63178b531e1a3e74cc198f3ac6d3e7d44f7b0d7871bcc97b?s=96&d=mm&r=g\",\"url\":\"https:\\\/\\\/secure.gravatar.com\\\/avatar\\\/fb7975e14d19cd4d63178b531e1a3e74cc198f3ac6d3e7d44f7b0d7871bcc97b?s=96&d=mm&r=g\",\"contentUrl\":\"https:\\\/\\\/secure.gravatar.com\\\/avatar\\\/fb7975e14d19cd4d63178b531e1a3e74cc198f3ac6d3e7d44f7b0d7871bcc97b?s=96&d=mm&r=g\",\"caption\":\"njato\"},\"url\":\"https:\\\/\\\/urbamonde.org\\\/es\\\/author\\\/njato\\\/\"}]}<\/script>\n<!-- \/ Yoast SEO plugin. -->","yoast_head_json":{"title":"3er seminario nacional de TTC en Brasil - urbaMonde","robots":{"index":"index","follow":"follow","max-snippet":"max-snippet:-1","max-image-preview":"max-image-preview:large","max-video-preview":"max-video-preview:-1"},"canonical":"https:\/\/urbamonde.org\/es\/3er-seminario-nacional-de-ttc-en-brasil\/","og_locale":"es_ES","og_type":"article","og_title":"3er seminario nacional de TTC en Brasil - urbaMonde","og_description":"Organizado para conmemorar los 5 a\u00f1os del proyecto (IVA incluido), el evento fue la oportunidad para una exploraci\u00f3n en profundidad de los modelos de Community Land Trust (CLT)\u00a0; esta en la presencia de representantes del movimiento de todo el mundo. &nbsp; el 28 de octubre de 2023, con nuestra pareja\u00a0Catal\u00edtica de las Comunidades\u00a0celebr\u00f3 su 3er [&hellip;]","og_url":"https:\/\/urbamonde.org\/es\/3er-seminario-nacional-de-ttc-en-brasil\/","og_site_name":"urbaMonde","article_publisher":"https:\/\/www.facebook.com\/urbaMonde\/","article_published_time":"2023-11-09T11:29:53+00:00","article_modified_time":"2026-04-27T09:19:46+00:00","og_image":[{"width":690,"height":435,"url":"https:\/\/urbamonde.org\/wp-content\/uploads\/2024\/10\/d306b5d1091c5d27f7d0e60f2ceeaf.png","type":"image\/png"}],"author":"njato","twitter_card":"summary_large_image","twitter_misc":{"Escrito por":"njato","Tiempo de lectura":"3 minutos"},"schema":{"@context":"https:\/\/schema.org","@graph":[{"@type":"Article","@id":"https:\/\/urbamonde.org\/es\/3er-seminario-nacional-de-ttc-en-brasil\/#article","isPartOf":{"@id":"https:\/\/urbamonde.org\/es\/3er-seminario-nacional-de-ttc-en-brasil\/"},"author":{"name":"njato","@id":"https:\/\/urbamonde.org\/es\/#\/schema\/person\/d1fa8d0b4d40c7f1933d29ab86a485f5"},"headline":"3er seminario nacional de TTC en Brasil","datePublished":"2023-11-09T11:29:53+00:00","dateModified":"2026-04-27T09:19:46+00:00","mainEntityOfPage":{"@id":"https:\/\/urbamonde.org\/es\/3er-seminario-nacional-de-ttc-en-brasil\/"},"wordCount":238,"commentCount":0,"publisher":{"@id":"https:\/\/urbamonde.org\/es\/#organization"},"image":{"@id":"https:\/\/urbamonde.org\/es\/3er-seminario-nacional-de-ttc-en-brasil\/#primaryimage"},"thumbnailUrl":"https:\/\/urbamonde.org\/wp-content\/uploads\/2024\/10\/d306b5d1091c5d27f7d0e60f2ceeaf.png","articleSection":["Nuestros proyectos"],"inLanguage":"es","potentialAction":[{"@type":"CommentAction","name":"Comment","target":["https:\/\/urbamonde.org\/es\/3er-seminario-nacional-de-ttc-en-brasil\/#respond"]}]},{"@type":"WebPage","@id":"https:\/\/urbamonde.org\/es\/3er-seminario-nacional-de-ttc-en-brasil\/","url":"https:\/\/urbamonde.org\/es\/3er-seminario-nacional-de-ttc-en-brasil\/","name":"3er seminario nacional de TTC en Brasil - urbaMonde","isPartOf":{"@id":"https:\/\/urbamonde.org\/es\/#website"},"primaryImageOfPage":{"@id":"https:\/\/urbamonde.org\/es\/3er-seminario-nacional-de-ttc-en-brasil\/#primaryimage"},"image":{"@id":"https:\/\/urbamonde.org\/es\/3er-seminario-nacional-de-ttc-en-brasil\/#primaryimage"},"thumbnailUrl":"https:\/\/urbamonde.org\/wp-content\/uploads\/2024\/10\/d306b5d1091c5d27f7d0e60f2ceeaf.png","datePublished":"2023-11-09T11:29:53+00:00","dateModified":"2026-04-27T09:19:46+00:00","breadcrumb":{"@id":"https:\/\/urbamonde.org\/es\/3er-seminario-nacional-de-ttc-en-brasil\/#breadcrumb"},"inLanguage":"es","potentialAction":[{"@type":"ReadAction","target":["https:\/\/urbamonde.org\/es\/3er-seminario-nacional-de-ttc-en-brasil\/"]}]},{"@type":"ImageObject","inLanguage":"es","@id":"https:\/\/urbamonde.org\/es\/3er-seminario-nacional-de-ttc-en-brasil\/#primaryimage","url":"https:\/\/urbamonde.org\/wp-content\/uploads\/2024\/10\/d306b5d1091c5d27f7d0e60f2ceeaf.png","contentUrl":"https:\/\/urbamonde.org\/wp-content\/uploads\/2024\/10\/d306b5d1091c5d27f7d0e60f2ceeaf.png","width":690,"height":435},{"@type":"BreadcrumbList","@id":"https:\/\/urbamonde.org\/es\/3er-seminario-nacional-de-ttc-en-brasil\/#breadcrumb","itemListElement":[{"@type":"ListItem","position":1,"name":"Accueil","item":"https:\/\/urbamonde.org\/es\/"},{"@type":"ListItem","position":2,"name":"3er seminario nacional de TTC en Brasil"}]},{"@type":"WebSite","@id":"https:\/\/urbamonde.org\/es\/#website","url":"https:\/\/urbamonde.org\/es\/","name":"urbaMonde","description":"des villes durables par et pour les habitant\u00b7es","publisher":{"@id":"https:\/\/urbamonde.org\/es\/#organization"},"potentialAction":[{"@type":"SearchAction","target":{"@type":"EntryPoint","urlTemplate":"https:\/\/urbamonde.org\/es\/?s={search_term_string}"},"query-input":{"@type":"PropertyValueSpecification","valueRequired":true,"valueName":"search_term_string"}}],"inLanguage":"es"},{"@type":"Organization","@id":"https:\/\/urbamonde.org\/es\/#organization","name":"urbaMonde","url":"https:\/\/urbamonde.org\/es\/","logo":{"@type":"ImageObject","inLanguage":"es","@id":"https:\/\/urbamonde.org\/es\/#\/schema\/logo\/image\/","url":"https:\/\/urbamonde.org\/wp-content\/uploads\/2024\/10\/logo-urbamonde-fr.png","contentUrl":"https:\/\/urbamonde.org\/wp-content\/uploads\/2024\/10\/logo-urbamonde-fr.png","width":271,"height":65,"caption":"urbaMonde"},"image":{"@id":"https:\/\/urbamonde.org\/es\/#\/schema\/logo\/image\/"},"sameAs":["https:\/\/www.facebook.com\/urbaMonde\/","https:\/\/www.linkedin.com\/company\/urbamonde","https:\/\/www.instagram.com\/urba.monde\/"]},{"@type":"Person","@id":"https:\/\/urbamonde.org\/es\/#\/schema\/person\/d1fa8d0b4d40c7f1933d29ab86a485f5","name":"njato","image":{"@type":"ImageObject","inLanguage":"es","@id":"https:\/\/secure.gravatar.com\/avatar\/fb7975e14d19cd4d63178b531e1a3e74cc198f3ac6d3e7d44f7b0d7871bcc97b?s=96&d=mm&r=g","url":"https:\/\/secure.gravatar.com\/avatar\/fb7975e14d19cd4d63178b531e1a3e74cc198f3ac6d3e7d44f7b0d7871bcc97b?s=96&d=mm&r=g","contentUrl":"https:\/\/secure.gravatar.com\/avatar\/fb7975e14d19cd4d63178b531e1a3e74cc198f3ac6d3e7d44f7b0d7871bcc97b?s=96&d=mm&r=g","caption":"njato"},"url":"https:\/\/urbamonde.org\/es\/author\/njato\/"}]}},"_links":{"self":[{"href":"https:\/\/urbamonde.org\/es\/wp-json\/wp\/v2\/posts\/1605","targetHints":{"allow":["GET"]}}],"collection":[{"href":"https:\/\/urbamonde.org\/es\/wp-json\/wp\/v2\/posts"}],"about":[{"href":"https:\/\/urbamonde.org\/es\/wp-json\/wp\/v2\/types\/post"}],"author":[{"embeddable":true,"href":"https:\/\/urbamonde.org\/es\/wp-json\/wp\/v2\/users\/5"}],"replies":[{"embeddable":true,"href":"https:\/\/urbamonde.org\/es\/wp-json\/wp\/v2\/comments?post=1605"}],"version-history":[{"count":2,"href":"https:\/\/urbamonde.org\/es\/wp-json\/wp\/v2\/posts\/1605\/revisions"}],"predecessor-version":[{"id":5655,"href":"https:\/\/urbamonde.org\/es\/wp-json\/wp\/v2\/posts\/1605\/revisions\/5655"}],"wp:featuredmedia":[{"embeddable":true,"href":"https:\/\/urbamonde.org\/es\/wp-json\/wp\/v2\/media\/578"}],"wp:attachment":[{"href":"https:\/\/urbamonde.org\/es\/wp-json\/wp\/v2\/media?parent=1605"}],"wp:term":[{"taxonomy":"category","embeddable":true,"href":"https:\/\/urbamonde.org\/es\/wp-json\/wp\/v2\/categories?post=1605"},{"taxonomy":"post_tag","embeddable":true,"href":"https:\/\/urbamonde.org\/es\/wp-json\/wp\/v2\/tags?post=1605"}],"curies":[{"name":"wp","href":"https:\/\/api.w.org\/{rel}","templated":true}]}}