{"id":1606,"date":"2024-04-09T12:29:08","date_gmt":"2024-04-09T10:29:08","guid":{"rendered":"https:\/\/preview.urbamonde.org\/?p=1606"},"modified":"2025-01-22T08:31:18","modified_gmt":"2025-01-22T07:31:18","slug":"campo-de-la-mision-en-nicaragua","status":"publish","type":"post","link":"https:\/\/urbamonde.org\/es\/campo-de-la-mision-en-nicaragua\/","title":{"rendered":"Campo de la Misi\u00f3n en Nicaragua"},"content":{"rendered":"<h2 class=\"spip\">En el municipio de el Tuma \/ La Dalia, a 40 km de Matagalpa, los trabajadores agr\u00edcolas constituyen las cooperativas de vivienda de responder colectivamente a una de sus necesidades esenciales&nbsp;: tener un lugar de vida, de dignidad y auto-identidad.<\/h2>\n<p>&nbsp;<\/p>\n<p><strong>est\u00e1n organizados, cubrir sus pedazo de territorio, e imagina un lugar de vida en el cual el poder de decisi\u00f3n pertenece a ellos. A cargo de nuestra misi\u00f3n.<\/strong><\/p>\n<div class=\"spip_document_574 spip_document spip_documents spip_document_image spip_documents_center spip_document_center spip_document_avec_legende\" data-legende-len=\"50\" data-legende-lenx=\"x\">\n<figure class=\"spip_doc_inner\"><a class=\"spip_doc_lien mediabox\" href=\"https:\/\/urbamonde.org\/IMG\/png\/dsc04417_v2.png\" type=\"image\/png\"><img fetchpriority=\"high\" decoding=\"async\" src=\"https:\/\/urbamonde.org\/IMG\/png\/dsc04417_v2.png\" alt=\"\" width=\"3648\" height=\"2113\"><\/a><figcaption class=\"spip_doc_legende\">\n<div class=\"spip_doc_titre\"><strong>Visita la tierra de la cooperativa La Mora, La Dalia<\/strong><\/div>\n<\/figcaption><\/figure>\n<\/div>\n<p>En febrero de 2024, Leah Oswald y susanna Lerch, nuestros dos a cargo de los proyectos, se realizan en Matagalpa, Nicaragua. Durante su estancia, han participado en numerosos eventos, reuniones y discusiones, pero uno de sus mejores momentos fue la profundidad de la visita a las tres cooperativas de viviendas situado en el municipio de El Tuma \/ La Dalia, a 40 km de la ciudad de Matagalpa.<\/p>\n<p>Estas tres cooperativas tienen algunos puntos en com\u00fan&nbsp;: est\u00e1n compuestas 85&nbsp;% de las mujeres, pero esto ha sido particularmente buscados. Estas mujeres son representativos de un grupo social es muy importante en este municipio&nbsp;: los trabajadores agr\u00edcolas, parte esencial de la cultura del caf\u00e9, la principal actividad econ\u00f3mica del territorio. Los trabajadores agr\u00edcolas a s\u00ed mismos, o a un miembro de una familia de clase obrera, que se traslad\u00f3 a un puesto de trabajo como profesor, han formado cooperativas de responder colectivamente a una de sus necesidades b\u00e1sicas, tener un lugar de la vida misma.<\/p>\n<div class=\"spip_document_573 spip_document spip_documents spip_document_image spip_documents_center spip_document_center spip_document_avec_legende\" data-legende-len=\"53\" data-legende-lenx=\"x\">\n<figure class=\"spip_doc_inner\"><a class=\"spip_doc_lien mediabox\" href=\"https:\/\/urbamonde.org\/IMG\/jpg\/dsc04392.jpg\" type=\"image\/jpeg\"><img decoding=\"async\" src=\"https:\/\/urbamonde.org\/IMG\/jpg\/dsc04392.jpg\" alt=\"\" width=\"3648\" height=\"2736\"><\/a><figcaption class=\"spip_doc_legende\">\n<div class=\"spip_doc_titre\"><strong>Las casas construidas en el gallinero Victoria de Noviembre<\/strong><\/div>\n<\/figcaption><\/figure>\n<\/div>\n<p>La cooperativa Victoria de Noviembre en la localidad de El Carmen fue capaz de construir una docena de casas a sus miembros en un terreno puesto a disposici\u00f3n por el municipio, y estoy experimentando la gesti\u00f3n colectiva de un barrio&nbsp;: plantaciones de \u00e1rboles frutales, la construcci\u00f3n de una sala com\u00fan, jard\u00edn de bamb\u00fa vegetal compartido y peque\u00f1as tiendas.<\/p>\n<div class=\"spip_document_575 spip_document spip_documents spip_document_image spip_documents_center spip_document_center spip_document_avec_legende\" data-legende-len=\"48\" data-legende-lenx=\"x\">\n<figure class=\"spip_doc_inner\"><a class=\"spip_doc_lien mediabox\" href=\"https:\/\/urbamonde.org\/IMG\/png\/dsc04402_v2.png\" type=\"image\/png\"><img decoding=\"async\" src=\"https:\/\/urbamonde.org\/IMG\/png\/dsc04402_v2.png\" alt=\"\" width=\"3648\" height=\"2736\"><\/a><figcaption class=\"spip_doc_legende\">\n<div class=\"spip_doc_titre\"><strong>Visita de la cooperativa Victoria de Noviembre<\/strong><\/div>\n<\/figcaption><\/figure>\n<\/div>\n<p>El co-op Nuestro Barrio, en el pueblo de Mora ha adquirido un hermoso terreno gracias al fondo rotatorio administrado por la central local de cooperativas de CECOVI, y ha completado el reembolso. Un proyecto de urbanizaci\u00f3n y la vegetaci\u00f3n progresiva va a ser la primera \u00a0\u00bb&nbsp;eco&nbsp;\u00a0\u00bb en la regi\u00f3n.<\/p>\n<div class=\"spip_document_576 spip_document spip_documents spip_document_image spip_documents_center spip_document_center spip_document_avec_legende\" data-legende-len=\"53\" data-legende-lenx=\"x\">\n<figure class=\"spip_doc_inner\"><a class=\"spip_doc_lien mediabox\" href=\"https:\/\/urbamonde.org\/IMG\/jpg\/img_20240310_155829.jpg\" type=\"image\/jpeg\"><img loading=\"lazy\" decoding=\"async\" src=\"https:\/\/urbamonde.org\/IMG\/jpg\/img_20240310_155829.jpg\" alt=\"\" width=\"4000\" height=\"3000\"><\/a><figcaption class=\"spip_doc_legende\">\n<div class=\"spip_doc_titre\"><strong>Visita la tierra de la cooperativa Voces Guerreras<\/strong><\/div>\n<\/figcaption><\/figure>\n<\/div>\n<p>El co-op Voces Guerreras, en el municipio de La Dalia, llega a adquirir un terreno con cuerpo, muy bien situado, en la entrada de la aldea, tambi\u00e9n gracias al fondo rotatorio de auto-administrado. La propiedad de la tierra se realiza a trav\u00e9s de un proceso participativo, orientado al fortalecimiento de la dimensi\u00f3n colectiva y el compromiso de todos los miembros y sus familias.<\/p>\n<p>\u00ab\u00a0Lo que ha afectado, en el curso de estas visitas, es la alegr\u00eda que se manifiesta por estos grupos de personas organizadas, a grandes zancadas a su pedazo de tierra y imaginando un lugar de vida en el cual el poder de decisi\u00f3n pertenece\u00a0\u00bb, contarnos la historia de Leah y Suzanne. Tambi\u00e9n han sido marcados por la red existente entre estas mujeres de diferentes pueblos&nbsp;: a trav\u00e9s de reuniones y actividades conjuntas, organizadas en el marco del movimiento cooperativo, que comparten conocimientos, ayudar a los dem\u00e1s, pero tambi\u00e9n forman fuertes lazos de amistad.<\/p>\n<div class=\"spip_document_577 spip_document spip_documents spip_document_image spip_documents_center spip_document_center spip_document_avec_legende\" data-legende-len=\"39\" data-legende-lenx=\"x\">\n<figure class=\"spip_doc_inner\"><a class=\"spip_doc_lien mediabox\" href=\"https:\/\/urbamonde.org\/IMG\/jpg\/dsc04502.jpg\" type=\"image\/jpeg\"><img loading=\"lazy\" decoding=\"async\" src=\"https:\/\/urbamonde.org\/IMG\/jpg\/dsc04502.jpg\" alt=\"\" width=\"3648\" height=\"2736\"><\/a><figcaption class=\"spip_doc_legende\">\n<div class=\"spip_doc_titre\"><strong>Celebraci\u00f3n del 8 de marzo de 2024 a La Dalia<\/strong><\/div>\n<\/figcaption><\/figure>\n<\/div>\n<p>Nuestra colaboraci\u00f3n con&nbsp;<a class=\"spip_out\" href=\"https:\/\/www.coopmultipro.org\/\" target=\"_blank\" rel=\"noopener noreferrer external\">Multipro<\/a>, cooperativa de servicios a cargo de la asistencia t\u00e9cnica a cooperativas contin\u00faa en esta alentadora tel\u00f3n de fondo.<\/p>","protected":false},"excerpt":{"rendered":"<p>En el municipio de el Tuma \/ La Dalia, a 40 km de Matagalpa, los trabajadores agr\u00edcolas constituyen las cooperativas de vivienda de responder colectivamente a una de sus necesidades esenciales&nbsp;: tener un lugar de vida, de dignidad y auto-identidad. &nbsp; est\u00e1n organizados, cubrir sus pedazo de territorio, e imagina un lugar de vida en [&hellip;]<\/p>","protected":false},"author":5,"featured_media":577,"comment_status":"open","ping_status":"open","sticky":false,"template":"","format":"standard","meta":{"footnotes":""},"categories":[93],"tags":[],"class_list":["post-1606","post","type-post","status-publish","format-standard","has-post-thumbnail","hentry","category-nuestros-proyectos"],"acf":[],"yoast_head":"<!-- This site is optimized with the Yoast SEO plugin v27.4 - https:\/\/yoast.com\/product\/yoast-seo-wordpress\/ -->\n<title>Campo de la Misi\u00f3n en Nicaragua - urbaMonde<\/title>\n<meta name=\"robots\" content=\"index, follow, max-snippet:-1, max-image-preview:large, max-video-preview:-1\" \/>\n<link rel=\"canonical\" href=\"https:\/\/urbamonde.org\/es\/campo-de-la-mision-en-nicaragua\/\" \/>\n<meta property=\"og:locale\" content=\"es_ES\" \/>\n<meta property=\"og:type\" content=\"article\" \/>\n<meta property=\"og:title\" content=\"Campo de la Misi\u00f3n en Nicaragua - urbaMonde\" \/>\n<meta property=\"og:description\" content=\"En el municipio de el Tuma \/ La Dalia, a 40 km de Matagalpa, los trabajadores agr\u00edcolas constituyen las cooperativas de vivienda de responder colectivamente a una de sus necesidades esenciales&nbsp;: tener un lugar de vida, de dignidad y auto-identidad. &nbsp; est\u00e1n organizados, cubrir sus pedazo de territorio, e imagina un lugar de vida en [&hellip;]\" \/>\n<meta property=\"og:url\" content=\"https:\/\/urbamonde.org\/es\/campo-de-la-mision-en-nicaragua\/\" \/>\n<meta property=\"og:site_name\" content=\"urbaMonde\" \/>\n<meta property=\"article:publisher\" content=\"https:\/\/www.facebook.com\/urbaMonde\/\" \/>\n<meta property=\"article:published_time\" content=\"2024-04-09T10:29:08+00:00\" \/>\n<meta property=\"article:modified_time\" content=\"2025-01-22T07:31:18+00:00\" \/>\n<meta property=\"og:image\" content=\"http:\/\/urbamonde.org\/wp-content\/uploads\/2024\/10\/7134f9f4da3e8e7ffb992e0c2bc277.png\" \/>\n\t<meta property=\"og:image:width\" content=\"690\" \/>\n\t<meta property=\"og:image:height\" content=\"435\" \/>\n\t<meta property=\"og:image:type\" content=\"image\/png\" \/>\n<meta name=\"author\" content=\"njato\" \/>\n<meta name=\"twitter:card\" content=\"summary_large_image\" \/>\n<meta name=\"twitter:label1\" content=\"Escrito por\" \/>\n\t<meta name=\"twitter:data1\" content=\"njato\" \/>\n\t<meta name=\"twitter:label2\" content=\"Tiempo de lectura\" \/>\n\t<meta name=\"twitter:data2\" content=\"3 minutos\" \/>\n<script type=\"application\/ld+json\" class=\"yoast-schema-graph\">{\"@context\":\"https:\\\/\\\/schema.org\",\"@graph\":[{\"@type\":\"Article\",\"@id\":\"https:\\\/\\\/urbamonde.org\\\/es\\\/campo-de-la-mision-en-nicaragua\\\/#article\",\"isPartOf\":{\"@id\":\"https:\\\/\\\/urbamonde.org\\\/es\\\/campo-de-la-mision-en-nicaragua\\\/\"},\"author\":{\"name\":\"njato\",\"@id\":\"https:\\\/\\\/urbamonde.org\\\/es\\\/#\\\/schema\\\/person\\\/d1fa8d0b4d40c7f1933d29ab86a485f5\"},\"headline\":\"Campo de la Misi\u00f3n en Nicaragua\",\"datePublished\":\"2024-04-09T10:29:08+00:00\",\"dateModified\":\"2025-01-22T07:31:18+00:00\",\"mainEntityOfPage\":{\"@id\":\"https:\\\/\\\/urbamonde.org\\\/es\\\/campo-de-la-mision-en-nicaragua\\\/\"},\"wordCount\":602,\"commentCount\":0,\"publisher\":{\"@id\":\"https:\\\/\\\/urbamonde.org\\\/es\\\/#organization\"},\"image\":{\"@id\":\"https:\\\/\\\/urbamonde.org\\\/es\\\/campo-de-la-mision-en-nicaragua\\\/#primaryimage\"},\"thumbnailUrl\":\"https:\\\/\\\/urbamonde.org\\\/wp-content\\\/uploads\\\/2024\\\/10\\\/7134f9f4da3e8e7ffb992e0c2bc277.png\",\"articleSection\":[\"Nuestros proyectos\"],\"inLanguage\":\"es\",\"potentialAction\":[{\"@type\":\"CommentAction\",\"name\":\"Comment\",\"target\":[\"https:\\\/\\\/urbamonde.org\\\/es\\\/campo-de-la-mision-en-nicaragua\\\/#respond\"]}]},{\"@type\":\"WebPage\",\"@id\":\"https:\\\/\\\/urbamonde.org\\\/es\\\/campo-de-la-mision-en-nicaragua\\\/\",\"url\":\"https:\\\/\\\/urbamonde.org\\\/es\\\/campo-de-la-mision-en-nicaragua\\\/\",\"name\":\"Campo de la Misi\u00f3n en Nicaragua - urbaMonde\",\"isPartOf\":{\"@id\":\"https:\\\/\\\/urbamonde.org\\\/es\\\/#website\"},\"primaryImageOfPage\":{\"@id\":\"https:\\\/\\\/urbamonde.org\\\/es\\\/campo-de-la-mision-en-nicaragua\\\/#primaryimage\"},\"image\":{\"@id\":\"https:\\\/\\\/urbamonde.org\\\/es\\\/campo-de-la-mision-en-nicaragua\\\/#primaryimage\"},\"thumbnailUrl\":\"https:\\\/\\\/urbamonde.org\\\/wp-content\\\/uploads\\\/2024\\\/10\\\/7134f9f4da3e8e7ffb992e0c2bc277.png\",\"datePublished\":\"2024-04-09T10:29:08+00:00\",\"dateModified\":\"2025-01-22T07:31:18+00:00\",\"breadcrumb\":{\"@id\":\"https:\\\/\\\/urbamonde.org\\\/es\\\/campo-de-la-mision-en-nicaragua\\\/#breadcrumb\"},\"inLanguage\":\"es\",\"potentialAction\":[{\"@type\":\"ReadAction\",\"target\":[\"https:\\\/\\\/urbamonde.org\\\/es\\\/campo-de-la-mision-en-nicaragua\\\/\"]}]},{\"@type\":\"ImageObject\",\"inLanguage\":\"es\",\"@id\":\"https:\\\/\\\/urbamonde.org\\\/es\\\/campo-de-la-mision-en-nicaragua\\\/#primaryimage\",\"url\":\"https:\\\/\\\/urbamonde.org\\\/wp-content\\\/uploads\\\/2024\\\/10\\\/7134f9f4da3e8e7ffb992e0c2bc277.png\",\"contentUrl\":\"https:\\\/\\\/urbamonde.org\\\/wp-content\\\/uploads\\\/2024\\\/10\\\/7134f9f4da3e8e7ffb992e0c2bc277.png\",\"width\":690,\"height\":435},{\"@type\":\"BreadcrumbList\",\"@id\":\"https:\\\/\\\/urbamonde.org\\\/es\\\/campo-de-la-mision-en-nicaragua\\\/#breadcrumb\",\"itemListElement\":[{\"@type\":\"ListItem\",\"position\":1,\"name\":\"Accueil\",\"item\":\"https:\\\/\\\/urbamonde.org\\\/es\\\/\"},{\"@type\":\"ListItem\",\"position\":2,\"name\":\"Campo de la Misi\u00f3n en Nicaragua\"}]},{\"@type\":\"WebSite\",\"@id\":\"https:\\\/\\\/urbamonde.org\\\/es\\\/#website\",\"url\":\"https:\\\/\\\/urbamonde.org\\\/es\\\/\",\"name\":\"urbaMonde\",\"description\":\"des villes durables par et pour les habitant\u00b7es\",\"publisher\":{\"@id\":\"https:\\\/\\\/urbamonde.org\\\/es\\\/#organization\"},\"potentialAction\":[{\"@type\":\"SearchAction\",\"target\":{\"@type\":\"EntryPoint\",\"urlTemplate\":\"https:\\\/\\\/urbamonde.org\\\/es\\\/?s={search_term_string}\"},\"query-input\":{\"@type\":\"PropertyValueSpecification\",\"valueRequired\":true,\"valueName\":\"search_term_string\"}}],\"inLanguage\":\"es\"},{\"@type\":\"Organization\",\"@id\":\"https:\\\/\\\/urbamonde.org\\\/es\\\/#organization\",\"name\":\"urbaMonde\",\"url\":\"https:\\\/\\\/urbamonde.org\\\/es\\\/\",\"logo\":{\"@type\":\"ImageObject\",\"inLanguage\":\"es\",\"@id\":\"https:\\\/\\\/urbamonde.org\\\/es\\\/#\\\/schema\\\/logo\\\/image\\\/\",\"url\":\"https:\\\/\\\/urbamonde.org\\\/wp-content\\\/uploads\\\/2024\\\/10\\\/logo-urbamonde-fr.png\",\"contentUrl\":\"https:\\\/\\\/urbamonde.org\\\/wp-content\\\/uploads\\\/2024\\\/10\\\/logo-urbamonde-fr.png\",\"width\":271,\"height\":65,\"caption\":\"urbaMonde\"},\"image\":{\"@id\":\"https:\\\/\\\/urbamonde.org\\\/es\\\/#\\\/schema\\\/logo\\\/image\\\/\"},\"sameAs\":[\"https:\\\/\\\/www.facebook.com\\\/urbaMonde\\\/\",\"https:\\\/\\\/www.linkedin.com\\\/company\\\/urbamonde\",\"https:\\\/\\\/www.instagram.com\\\/urba.monde\\\/\"]},{\"@type\":\"Person\",\"@id\":\"https:\\\/\\\/urbamonde.org\\\/es\\\/#\\\/schema\\\/person\\\/d1fa8d0b4d40c7f1933d29ab86a485f5\",\"name\":\"njato\",\"image\":{\"@type\":\"ImageObject\",\"inLanguage\":\"es\",\"@id\":\"https:\\\/\\\/secure.gravatar.com\\\/avatar\\\/fb7975e14d19cd4d63178b531e1a3e74cc198f3ac6d3e7d44f7b0d7871bcc97b?s=96&d=mm&r=g\",\"url\":\"https:\\\/\\\/secure.gravatar.com\\\/avatar\\\/fb7975e14d19cd4d63178b531e1a3e74cc198f3ac6d3e7d44f7b0d7871bcc97b?s=96&d=mm&r=g\",\"contentUrl\":\"https:\\\/\\\/secure.gravatar.com\\\/avatar\\\/fb7975e14d19cd4d63178b531e1a3e74cc198f3ac6d3e7d44f7b0d7871bcc97b?s=96&d=mm&r=g\",\"caption\":\"njato\"},\"url\":\"https:\\\/\\\/urbamonde.org\\\/es\\\/author\\\/njato\\\/\"}]}<\/script>\n<!-- \/ Yoast SEO plugin. -->","yoast_head_json":{"title":"Campo de la Misi\u00f3n en Nicaragua - urbaMonde","robots":{"index":"index","follow":"follow","max-snippet":"max-snippet:-1","max-image-preview":"max-image-preview:large","max-video-preview":"max-video-preview:-1"},"canonical":"https:\/\/urbamonde.org\/es\/campo-de-la-mision-en-nicaragua\/","og_locale":"es_ES","og_type":"article","og_title":"Campo de la Misi\u00f3n en Nicaragua - urbaMonde","og_description":"En el municipio de el Tuma \/ La Dalia, a 40 km de Matagalpa, los trabajadores agr\u00edcolas constituyen las cooperativas de vivienda de responder colectivamente a una de sus necesidades esenciales&nbsp;: tener un lugar de vida, de dignidad y auto-identidad. &nbsp; est\u00e1n organizados, cubrir sus pedazo de territorio, e imagina un lugar de vida en [&hellip;]","og_url":"https:\/\/urbamonde.org\/es\/campo-de-la-mision-en-nicaragua\/","og_site_name":"urbaMonde","article_publisher":"https:\/\/www.facebook.com\/urbaMonde\/","article_published_time":"2024-04-09T10:29:08+00:00","article_modified_time":"2025-01-22T07:31:18+00:00","og_image":[{"width":690,"height":435,"url":"http:\/\/urbamonde.org\/wp-content\/uploads\/2024\/10\/7134f9f4da3e8e7ffb992e0c2bc277.png","type":"image\/png"}],"author":"njato","twitter_card":"summary_large_image","twitter_misc":{"Escrito por":"njato","Tiempo de lectura":"3 minutos"},"schema":{"@context":"https:\/\/schema.org","@graph":[{"@type":"Article","@id":"https:\/\/urbamonde.org\/es\/campo-de-la-mision-en-nicaragua\/#article","isPartOf":{"@id":"https:\/\/urbamonde.org\/es\/campo-de-la-mision-en-nicaragua\/"},"author":{"name":"njato","@id":"https:\/\/urbamonde.org\/es\/#\/schema\/person\/d1fa8d0b4d40c7f1933d29ab86a485f5"},"headline":"Campo de la Misi\u00f3n en Nicaragua","datePublished":"2024-04-09T10:29:08+00:00","dateModified":"2025-01-22T07:31:18+00:00","mainEntityOfPage":{"@id":"https:\/\/urbamonde.org\/es\/campo-de-la-mision-en-nicaragua\/"},"wordCount":602,"commentCount":0,"publisher":{"@id":"https:\/\/urbamonde.org\/es\/#organization"},"image":{"@id":"https:\/\/urbamonde.org\/es\/campo-de-la-mision-en-nicaragua\/#primaryimage"},"thumbnailUrl":"https:\/\/urbamonde.org\/wp-content\/uploads\/2024\/10\/7134f9f4da3e8e7ffb992e0c2bc277.png","articleSection":["Nuestros proyectos"],"inLanguage":"es","potentialAction":[{"@type":"CommentAction","name":"Comment","target":["https:\/\/urbamonde.org\/es\/campo-de-la-mision-en-nicaragua\/#respond"]}]},{"@type":"WebPage","@id":"https:\/\/urbamonde.org\/es\/campo-de-la-mision-en-nicaragua\/","url":"https:\/\/urbamonde.org\/es\/campo-de-la-mision-en-nicaragua\/","name":"Campo de la Misi\u00f3n en Nicaragua - urbaMonde","isPartOf":{"@id":"https:\/\/urbamonde.org\/es\/#website"},"primaryImageOfPage":{"@id":"https:\/\/urbamonde.org\/es\/campo-de-la-mision-en-nicaragua\/#primaryimage"},"image":{"@id":"https:\/\/urbamonde.org\/es\/campo-de-la-mision-en-nicaragua\/#primaryimage"},"thumbnailUrl":"https:\/\/urbamonde.org\/wp-content\/uploads\/2024\/10\/7134f9f4da3e8e7ffb992e0c2bc277.png","datePublished":"2024-04-09T10:29:08+00:00","dateModified":"2025-01-22T07:31:18+00:00","breadcrumb":{"@id":"https:\/\/urbamonde.org\/es\/campo-de-la-mision-en-nicaragua\/#breadcrumb"},"inLanguage":"es","potentialAction":[{"@type":"ReadAction","target":["https:\/\/urbamonde.org\/es\/campo-de-la-mision-en-nicaragua\/"]}]},{"@type":"ImageObject","inLanguage":"es","@id":"https:\/\/urbamonde.org\/es\/campo-de-la-mision-en-nicaragua\/#primaryimage","url":"https:\/\/urbamonde.org\/wp-content\/uploads\/2024\/10\/7134f9f4da3e8e7ffb992e0c2bc277.png","contentUrl":"https:\/\/urbamonde.org\/wp-content\/uploads\/2024\/10\/7134f9f4da3e8e7ffb992e0c2bc277.png","width":690,"height":435},{"@type":"BreadcrumbList","@id":"https:\/\/urbamonde.org\/es\/campo-de-la-mision-en-nicaragua\/#breadcrumb","itemListElement":[{"@type":"ListItem","position":1,"name":"Accueil","item":"https:\/\/urbamonde.org\/es\/"},{"@type":"ListItem","position":2,"name":"Campo de la Misi\u00f3n en Nicaragua"}]},{"@type":"WebSite","@id":"https:\/\/urbamonde.org\/es\/#website","url":"https:\/\/urbamonde.org\/es\/","name":"urbaMonde","description":"des villes durables par et pour les habitant\u00b7es","publisher":{"@id":"https:\/\/urbamonde.org\/es\/#organization"},"potentialAction":[{"@type":"SearchAction","target":{"@type":"EntryPoint","urlTemplate":"https:\/\/urbamonde.org\/es\/?s={search_term_string}"},"query-input":{"@type":"PropertyValueSpecification","valueRequired":true,"valueName":"search_term_string"}}],"inLanguage":"es"},{"@type":"Organization","@id":"https:\/\/urbamonde.org\/es\/#organization","name":"urbaMonde","url":"https:\/\/urbamonde.org\/es\/","logo":{"@type":"ImageObject","inLanguage":"es","@id":"https:\/\/urbamonde.org\/es\/#\/schema\/logo\/image\/","url":"https:\/\/urbamonde.org\/wp-content\/uploads\/2024\/10\/logo-urbamonde-fr.png","contentUrl":"https:\/\/urbamonde.org\/wp-content\/uploads\/2024\/10\/logo-urbamonde-fr.png","width":271,"height":65,"caption":"urbaMonde"},"image":{"@id":"https:\/\/urbamonde.org\/es\/#\/schema\/logo\/image\/"},"sameAs":["https:\/\/www.facebook.com\/urbaMonde\/","https:\/\/www.linkedin.com\/company\/urbamonde","https:\/\/www.instagram.com\/urba.monde\/"]},{"@type":"Person","@id":"https:\/\/urbamonde.org\/es\/#\/schema\/person\/d1fa8d0b4d40c7f1933d29ab86a485f5","name":"njato","image":{"@type":"ImageObject","inLanguage":"es","@id":"https:\/\/secure.gravatar.com\/avatar\/fb7975e14d19cd4d63178b531e1a3e74cc198f3ac6d3e7d44f7b0d7871bcc97b?s=96&d=mm&r=g","url":"https:\/\/secure.gravatar.com\/avatar\/fb7975e14d19cd4d63178b531e1a3e74cc198f3ac6d3e7d44f7b0d7871bcc97b?s=96&d=mm&r=g","contentUrl":"https:\/\/secure.gravatar.com\/avatar\/fb7975e14d19cd4d63178b531e1a3e74cc198f3ac6d3e7d44f7b0d7871bcc97b?s=96&d=mm&r=g","caption":"njato"},"url":"https:\/\/urbamonde.org\/es\/author\/njato\/"}]}},"_links":{"self":[{"href":"https:\/\/urbamonde.org\/es\/wp-json\/wp\/v2\/posts\/1606","targetHints":{"allow":["GET"]}}],"collection":[{"href":"https:\/\/urbamonde.org\/es\/wp-json\/wp\/v2\/posts"}],"about":[{"href":"https:\/\/urbamonde.org\/es\/wp-json\/wp\/v2\/types\/post"}],"author":[{"embeddable":true,"href":"https:\/\/urbamonde.org\/es\/wp-json\/wp\/v2\/users\/5"}],"replies":[{"embeddable":true,"href":"https:\/\/urbamonde.org\/es\/wp-json\/wp\/v2\/comments?post=1606"}],"version-history":[{"count":1,"href":"https:\/\/urbamonde.org\/es\/wp-json\/wp\/v2\/posts\/1606\/revisions"}],"predecessor-version":[{"id":1621,"href":"https:\/\/urbamonde.org\/es\/wp-json\/wp\/v2\/posts\/1606\/revisions\/1621"}],"wp:featuredmedia":[{"embeddable":true,"href":"https:\/\/urbamonde.org\/es\/wp-json\/wp\/v2\/media\/577"}],"wp:attachment":[{"href":"https:\/\/urbamonde.org\/es\/wp-json\/wp\/v2\/media?parent=1606"}],"wp:term":[{"taxonomy":"category","embeddable":true,"href":"https:\/\/urbamonde.org\/es\/wp-json\/wp\/v2\/categories?post=1606"},{"taxonomy":"post_tag","embeddable":true,"href":"https:\/\/urbamonde.org\/es\/wp-json\/wp\/v2\/tags?post=1606"}],"curies":[{"name":"wp","href":"https:\/\/api.w.org\/{rel}","templated":true}]}}