{"id":1636,"date":"2025-09-09T09:17:23","date_gmt":"2025-09-09T07:17:23","guid":{"rendered":"https:\/\/preview.urbamonde.org\/?p=1636"},"modified":"2025-01-23T12:12:43","modified_gmt":"2025-01-23T11:12:43","slug":"portada-de-una-participativo-de-la-vivienda-en-annemasse-2018-2020","status":"publish","type":"post","link":"https:\/\/urbamonde.org\/es\/portada-de-una-participativo-de-la-vivienda-en-annemasse-2018-2020\/","title":{"rendered":"Portada de una participativo de la vivienda en Annemasse [2018 &#8211; 2020]"},"content":{"rendered":"<h2 class=\"spip\">UrbaMonde ha trabajado con la ciudad de Annemasse a poner en marcha un proyecto de vivienda cooperativa, participativa y asequibles, en el \u00c1rea de Planificaci\u00f3n conjunta (ZAC) Estrella Annemasse Gen\u00e8ve.<\/h2>\n<p>&nbsp;<\/p>\n<p>Este apoyo incluye&nbsp;<strong>el lanzamiento de una convocatoria de proyectos de la incubadora y de los grupos c\u00e1pita\u00b7es&nbsp;<\/strong>el cual tiene como objetivo fortalecer la asociaci\u00f3n entre el sector p\u00fablico y civil, y el poder de actuar de las personas como actores en la transformaci\u00f3n de su territorio.<\/p>\n<p>En el a\u00f1o 2019, se han adoptado varias medidas en la imagen de la primera llamada a proyecto de h\u00e1bitat de la cooperativa y el nacimiento de un grupo de per c\u00e1pita\u00b7es que se constituya como el p\u00fablico de los eventos organizados en el marco de la incubadora.<\/p>\n<p>El proyecto de la ZAC de Estrellas impulsado Annemasse Agglo es una oportunidad \u00fanica para experimentar el desarrollo de los proyectos de vivienda que ser participativo en la Alta Saboya. Este futuro de la zona que se desarrolla en el conjunto Ambilly, Annemasse, y Ville-la-Grand en el sitio del antiguo hospital y alrededor de lo que ser\u00e1 la nueva estaci\u00f3n de CEVA Annemasse &#8211; un elemento central de la futura Express Regional de la Red incorpora m\u00e1s de 17 hect\u00e1reas de la superficie de viviendas, oficinas, locales comerciales, centros de formaci\u00f3n, espacios p\u00fablicos y espacios de ocio.<\/p>\n<p>Desde el 2020, una reconciliaci\u00f3n est\u00e1 en progreso con la ciudad de Ambilly a la firma de un contrato a largo plazo. Por otra parte, urbaMonde se ha buscado&nbsp;<strong>para producir un retorno de la experiencia de las negociaciones entre la asociaci\u00f3n de los habitantes y la de los actores p\u00fablicos locales&nbsp;<\/strong>para la consulta de las palancas en lugar de facilitar el surgimiento de proyectos de h\u00e1bitat colectivo y no especulativo.<\/p>\n<hr>\n<p><iframe title=\"YouTube video player\" src=\"https:\/\/www.youtube.com\/embed\/AdkkRoHIyTA\" width=\"100%\" height=\"315\" frameborder=\"0\" allowfullscreen=\"allowfullscreen\" data-mce-fragment=\"1\"><\/iframe><\/p>\n<div class=\"spip_document_105 spip_document spip_documents spip_document_image spip_documents_center spip_document_center\">\n<figure class=\"spip_doc_inner\"><a class=\"spip_doc_lien mediabox\" href=\"https:\/\/urbamonde.org\/IMG\/jpg\/annemasse_panneau_post-it.jpg\" type=\"image\/jpeg\"><img fetchpriority=\"high\" decoding=\"async\" src=\"https:\/\/urbamonde.org\/IMG\/jpg\/annemasse_panneau_post-it.jpg\" alt=\"\" width=\"1000\" height=\"662\"><\/a><\/figure>\n<\/div>\n<div class=\"spip_document_103 spip_document spip_documents spip_document_image spip_documents_center spip_document_center\">\n<figure class=\"spip_doc_inner\"><a class=\"spip_doc_lien mediabox\" href=\"https:\/\/urbamonde.org\/IMG\/jpg\/annemasse-tableau-blanc-maitre-ouvrage.jpg\" type=\"image\/jpeg\"><img decoding=\"async\" src=\"https:\/\/urbamonde.org\/IMG\/jpg\/annemasse-tableau-blanc-maitre-ouvrage.jpg\" alt=\"\" width=\"1000\" height=\"662\"><\/a><\/figure>\n<\/div>\n<div class=\"spip_document_104 spip_document spip_documents spip_document_image spip_documents_center spip_document_center\">\n<figure class=\"spip_doc_inner\"><a class=\"spip_doc_lien mediabox\" href=\"https:\/\/urbamonde.org\/IMG\/jpg\/annemasse-atelier-habitat.jpg\" type=\"image\/jpeg\"><img decoding=\"async\" src=\"https:\/\/urbamonde.org\/IMG\/jpg\/annemasse-atelier-habitat.jpg\" alt=\"\" width=\"1000\" height=\"662\"><\/a><\/figure>\n<\/div>","protected":false},"excerpt":{"rendered":"<p>UrbaMonde ha trabajado con la ciudad de Annemasse a poner en marcha un proyecto de vivienda cooperativa, participativa y asequibles, en el \u00c1rea de Planificaci\u00f3n conjunta (ZAC) Estrella Annemasse Gen\u00e8ve. &nbsp; Este apoyo incluye&nbsp;el lanzamiento de una convocatoria de proyectos de la incubadora y de los grupos c\u00e1pita\u00b7es&nbsp;el cual tiene como objetivo fortalecer la asociaci\u00f3n [&hellip;]<\/p>","protected":false},"author":5,"featured_media":524,"comment_status":"open","ping_status":"open","sticky":false,"template":"","format":"standard","meta":{"footnotes":""},"categories":[83],"tags":[],"class_list":["post-1636","post","type-post","status-publish","format-standard","has-post-thumbnail","hentry","category-cooperacion-internacional"],"acf":[],"yoast_head":"<!-- This site is optimized with the Yoast SEO plugin v27.4 - https:\/\/yoast.com\/product\/yoast-seo-wordpress\/ -->\n<title>Portada de una participativo de la vivienda en Annemasse [2018 - 2020] - urbaMonde<\/title>\n<meta name=\"robots\" content=\"index, follow, max-snippet:-1, max-image-preview:large, max-video-preview:-1\" \/>\n<link rel=\"canonical\" href=\"https:\/\/urbamonde.org\/es\/portada-de-una-participativo-de-la-vivienda-en-annemasse-2018-2020\/\" \/>\n<meta property=\"og:locale\" content=\"es_ES\" \/>\n<meta property=\"og:type\" content=\"article\" \/>\n<meta property=\"og:title\" content=\"Portada de una participativo de la vivienda en Annemasse [2018 - 2020] - urbaMonde\" \/>\n<meta property=\"og:description\" content=\"UrbaMonde ha trabajado con la ciudad de Annemasse a poner en marcha un proyecto de vivienda cooperativa, participativa y asequibles, en el \u00c1rea de Planificaci\u00f3n conjunta (ZAC) Estrella Annemasse Gen\u00e8ve. &nbsp; Este apoyo incluye&nbsp;el lanzamiento de una convocatoria de proyectos de la incubadora y de los grupos c\u00e1pita\u00b7es&nbsp;el cual tiene como objetivo fortalecer la asociaci\u00f3n [&hellip;]\" \/>\n<meta property=\"og:url\" content=\"https:\/\/urbamonde.org\/es\/portada-de-una-participativo-de-la-vivienda-en-annemasse-2018-2020\/\" \/>\n<meta property=\"og:site_name\" content=\"urbaMonde\" \/>\n<meta property=\"article:publisher\" content=\"https:\/\/www.facebook.com\/urbaMonde\/\" \/>\n<meta property=\"article:published_time\" content=\"2025-09-09T07:17:23+00:00\" \/>\n<meta property=\"og:image\" content=\"http:\/\/urbamonde.org\/wp-content\/uploads\/2024\/10\/telechargement-5-1.jpg\" \/>\n\t<meta property=\"og:image:width\" content=\"780\" \/>\n\t<meta property=\"og:image:height\" content=\"450\" \/>\n\t<meta property=\"og:image:type\" content=\"image\/jpeg\" \/>\n<meta name=\"author\" content=\"njato\" \/>\n<meta name=\"twitter:card\" content=\"summary_large_image\" \/>\n<meta name=\"twitter:label1\" content=\"Escrito por\" \/>\n\t<meta name=\"twitter:data1\" content=\"njato\" \/>\n\t<meta name=\"twitter:label2\" content=\"Tiempo de lectura\" \/>\n\t<meta name=\"twitter:data2\" content=\"2 minutos\" \/>\n<script type=\"application\/ld+json\" class=\"yoast-schema-graph\">{\"@context\":\"https:\\\/\\\/schema.org\",\"@graph\":[{\"@type\":\"Article\",\"@id\":\"https:\\\/\\\/urbamonde.org\\\/es\\\/portada-de-una-participativo-de-la-vivienda-en-annemasse-2018-2020\\\/#article\",\"isPartOf\":{\"@id\":\"https:\\\/\\\/urbamonde.org\\\/es\\\/portada-de-una-participativo-de-la-vivienda-en-annemasse-2018-2020\\\/\"},\"author\":{\"name\":\"njato\",\"@id\":\"https:\\\/\\\/urbamonde.org\\\/es\\\/#\\\/schema\\\/person\\\/d1fa8d0b4d40c7f1933d29ab86a485f5\"},\"headline\":\"Portada de una participativo de la vivienda en Annemasse [2018 &#8211; 2020]\",\"datePublished\":\"2025-09-09T07:17:23+00:00\",\"mainEntityOfPage\":{\"@id\":\"https:\\\/\\\/urbamonde.org\\\/es\\\/portada-de-una-participativo-de-la-vivienda-en-annemasse-2018-2020\\\/\"},\"wordCount\":328,\"commentCount\":0,\"publisher\":{\"@id\":\"https:\\\/\\\/urbamonde.org\\\/es\\\/#organization\"},\"image\":{\"@id\":\"https:\\\/\\\/urbamonde.org\\\/es\\\/portada-de-una-participativo-de-la-vivienda-en-annemasse-2018-2020\\\/#primaryimage\"},\"thumbnailUrl\":\"https:\\\/\\\/urbamonde.org\\\/wp-content\\\/uploads\\\/2024\\\/10\\\/telechargement-5-1.jpg\",\"articleSection\":[\"Cooperaci\u00f3n internacional\"],\"inLanguage\":\"es\",\"potentialAction\":[{\"@type\":\"CommentAction\",\"name\":\"Comment\",\"target\":[\"https:\\\/\\\/urbamonde.org\\\/es\\\/portada-de-una-participativo-de-la-vivienda-en-annemasse-2018-2020\\\/#respond\"]}]},{\"@type\":\"WebPage\",\"@id\":\"https:\\\/\\\/urbamonde.org\\\/es\\\/portada-de-una-participativo-de-la-vivienda-en-annemasse-2018-2020\\\/\",\"url\":\"https:\\\/\\\/urbamonde.org\\\/es\\\/portada-de-una-participativo-de-la-vivienda-en-annemasse-2018-2020\\\/\",\"name\":\"Portada de una participativo de la vivienda en Annemasse [2018 - 2020] - urbaMonde\",\"isPartOf\":{\"@id\":\"https:\\\/\\\/urbamonde.org\\\/es\\\/#website\"},\"primaryImageOfPage\":{\"@id\":\"https:\\\/\\\/urbamonde.org\\\/es\\\/portada-de-una-participativo-de-la-vivienda-en-annemasse-2018-2020\\\/#primaryimage\"},\"image\":{\"@id\":\"https:\\\/\\\/urbamonde.org\\\/es\\\/portada-de-una-participativo-de-la-vivienda-en-annemasse-2018-2020\\\/#primaryimage\"},\"thumbnailUrl\":\"https:\\\/\\\/urbamonde.org\\\/wp-content\\\/uploads\\\/2024\\\/10\\\/telechargement-5-1.jpg\",\"datePublished\":\"2025-09-09T07:17:23+00:00\",\"breadcrumb\":{\"@id\":\"https:\\\/\\\/urbamonde.org\\\/es\\\/portada-de-una-participativo-de-la-vivienda-en-annemasse-2018-2020\\\/#breadcrumb\"},\"inLanguage\":\"es\",\"potentialAction\":[{\"@type\":\"ReadAction\",\"target\":[\"https:\\\/\\\/urbamonde.org\\\/es\\\/portada-de-una-participativo-de-la-vivienda-en-annemasse-2018-2020\\\/\"]}]},{\"@type\":\"ImageObject\",\"inLanguage\":\"es\",\"@id\":\"https:\\\/\\\/urbamonde.org\\\/es\\\/portada-de-una-participativo-de-la-vivienda-en-annemasse-2018-2020\\\/#primaryimage\",\"url\":\"https:\\\/\\\/urbamonde.org\\\/wp-content\\\/uploads\\\/2024\\\/10\\\/telechargement-5-1.jpg\",\"contentUrl\":\"https:\\\/\\\/urbamonde.org\\\/wp-content\\\/uploads\\\/2024\\\/10\\\/telechargement-5-1.jpg\",\"width\":780,\"height\":450},{\"@type\":\"BreadcrumbList\",\"@id\":\"https:\\\/\\\/urbamonde.org\\\/es\\\/portada-de-una-participativo-de-la-vivienda-en-annemasse-2018-2020\\\/#breadcrumb\",\"itemListElement\":[{\"@type\":\"ListItem\",\"position\":1,\"name\":\"Accueil\",\"item\":\"https:\\\/\\\/urbamonde.org\\\/es\\\/\"},{\"@type\":\"ListItem\",\"position\":2,\"name\":\"Portada de una participativo de la vivienda en Annemasse [2018 &#8211; 2020]\"}]},{\"@type\":\"WebSite\",\"@id\":\"https:\\\/\\\/urbamonde.org\\\/es\\\/#website\",\"url\":\"https:\\\/\\\/urbamonde.org\\\/es\\\/\",\"name\":\"urbaMonde\",\"description\":\"des villes durables par et pour les habitant\u00b7es\",\"publisher\":{\"@id\":\"https:\\\/\\\/urbamonde.org\\\/es\\\/#organization\"},\"potentialAction\":[{\"@type\":\"SearchAction\",\"target\":{\"@type\":\"EntryPoint\",\"urlTemplate\":\"https:\\\/\\\/urbamonde.org\\\/es\\\/?s={search_term_string}\"},\"query-input\":{\"@type\":\"PropertyValueSpecification\",\"valueRequired\":true,\"valueName\":\"search_term_string\"}}],\"inLanguage\":\"es\"},{\"@type\":\"Organization\",\"@id\":\"https:\\\/\\\/urbamonde.org\\\/es\\\/#organization\",\"name\":\"urbaMonde\",\"url\":\"https:\\\/\\\/urbamonde.org\\\/es\\\/\",\"logo\":{\"@type\":\"ImageObject\",\"inLanguage\":\"es\",\"@id\":\"https:\\\/\\\/urbamonde.org\\\/es\\\/#\\\/schema\\\/logo\\\/image\\\/\",\"url\":\"https:\\\/\\\/urbamonde.org\\\/wp-content\\\/uploads\\\/2024\\\/10\\\/logo-urbamonde-fr.png\",\"contentUrl\":\"https:\\\/\\\/urbamonde.org\\\/wp-content\\\/uploads\\\/2024\\\/10\\\/logo-urbamonde-fr.png\",\"width\":271,\"height\":65,\"caption\":\"urbaMonde\"},\"image\":{\"@id\":\"https:\\\/\\\/urbamonde.org\\\/es\\\/#\\\/schema\\\/logo\\\/image\\\/\"},\"sameAs\":[\"https:\\\/\\\/www.facebook.com\\\/urbaMonde\\\/\",\"https:\\\/\\\/www.linkedin.com\\\/company\\\/urbamonde\",\"https:\\\/\\\/www.instagram.com\\\/urba.monde\\\/\"]},{\"@type\":\"Person\",\"@id\":\"https:\\\/\\\/urbamonde.org\\\/es\\\/#\\\/schema\\\/person\\\/d1fa8d0b4d40c7f1933d29ab86a485f5\",\"name\":\"njato\",\"image\":{\"@type\":\"ImageObject\",\"inLanguage\":\"es\",\"@id\":\"https:\\\/\\\/secure.gravatar.com\\\/avatar\\\/fb7975e14d19cd4d63178b531e1a3e74cc198f3ac6d3e7d44f7b0d7871bcc97b?s=96&d=mm&r=g\",\"url\":\"https:\\\/\\\/secure.gravatar.com\\\/avatar\\\/fb7975e14d19cd4d63178b531e1a3e74cc198f3ac6d3e7d44f7b0d7871bcc97b?s=96&d=mm&r=g\",\"contentUrl\":\"https:\\\/\\\/secure.gravatar.com\\\/avatar\\\/fb7975e14d19cd4d63178b531e1a3e74cc198f3ac6d3e7d44f7b0d7871bcc97b?s=96&d=mm&r=g\",\"caption\":\"njato\"},\"url\":\"https:\\\/\\\/urbamonde.org\\\/es\\\/author\\\/njato\\\/\"}]}<\/script>\n<!-- \/ Yoast SEO plugin. -->","yoast_head_json":{"title":"Portada de una participativo de la vivienda en Annemasse [2018 - 2020] - urbaMonde","robots":{"index":"index","follow":"follow","max-snippet":"max-snippet:-1","max-image-preview":"max-image-preview:large","max-video-preview":"max-video-preview:-1"},"canonical":"https:\/\/urbamonde.org\/es\/portada-de-una-participativo-de-la-vivienda-en-annemasse-2018-2020\/","og_locale":"es_ES","og_type":"article","og_title":"Portada de una participativo de la vivienda en Annemasse [2018 - 2020] - urbaMonde","og_description":"UrbaMonde ha trabajado con la ciudad de Annemasse a poner en marcha un proyecto de vivienda cooperativa, participativa y asequibles, en el \u00c1rea de Planificaci\u00f3n conjunta (ZAC) Estrella Annemasse Gen\u00e8ve. &nbsp; Este apoyo incluye&nbsp;el lanzamiento de una convocatoria de proyectos de la incubadora y de los grupos c\u00e1pita\u00b7es&nbsp;el cual tiene como objetivo fortalecer la asociaci\u00f3n [&hellip;]","og_url":"https:\/\/urbamonde.org\/es\/portada-de-una-participativo-de-la-vivienda-en-annemasse-2018-2020\/","og_site_name":"urbaMonde","article_publisher":"https:\/\/www.facebook.com\/urbaMonde\/","article_published_time":"2025-09-09T07:17:23+00:00","og_image":[{"width":780,"height":450,"url":"http:\/\/urbamonde.org\/wp-content\/uploads\/2024\/10\/telechargement-5-1.jpg","type":"image\/jpeg"}],"author":"njato","twitter_card":"summary_large_image","twitter_misc":{"Escrito por":"njato","Tiempo de lectura":"2 minutos"},"schema":{"@context":"https:\/\/schema.org","@graph":[{"@type":"Article","@id":"https:\/\/urbamonde.org\/es\/portada-de-una-participativo-de-la-vivienda-en-annemasse-2018-2020\/#article","isPartOf":{"@id":"https:\/\/urbamonde.org\/es\/portada-de-una-participativo-de-la-vivienda-en-annemasse-2018-2020\/"},"author":{"name":"njato","@id":"https:\/\/urbamonde.org\/es\/#\/schema\/person\/d1fa8d0b4d40c7f1933d29ab86a485f5"},"headline":"Portada de una participativo de la vivienda en Annemasse [2018 &#8211; 2020]","datePublished":"2025-09-09T07:17:23+00:00","mainEntityOfPage":{"@id":"https:\/\/urbamonde.org\/es\/portada-de-una-participativo-de-la-vivienda-en-annemasse-2018-2020\/"},"wordCount":328,"commentCount":0,"publisher":{"@id":"https:\/\/urbamonde.org\/es\/#organization"},"image":{"@id":"https:\/\/urbamonde.org\/es\/portada-de-una-participativo-de-la-vivienda-en-annemasse-2018-2020\/#primaryimage"},"thumbnailUrl":"https:\/\/urbamonde.org\/wp-content\/uploads\/2024\/10\/telechargement-5-1.jpg","articleSection":["Cooperaci\u00f3n internacional"],"inLanguage":"es","potentialAction":[{"@type":"CommentAction","name":"Comment","target":["https:\/\/urbamonde.org\/es\/portada-de-una-participativo-de-la-vivienda-en-annemasse-2018-2020\/#respond"]}]},{"@type":"WebPage","@id":"https:\/\/urbamonde.org\/es\/portada-de-una-participativo-de-la-vivienda-en-annemasse-2018-2020\/","url":"https:\/\/urbamonde.org\/es\/portada-de-una-participativo-de-la-vivienda-en-annemasse-2018-2020\/","name":"Portada de una participativo de la vivienda en Annemasse [2018 - 2020] - urbaMonde","isPartOf":{"@id":"https:\/\/urbamonde.org\/es\/#website"},"primaryImageOfPage":{"@id":"https:\/\/urbamonde.org\/es\/portada-de-una-participativo-de-la-vivienda-en-annemasse-2018-2020\/#primaryimage"},"image":{"@id":"https:\/\/urbamonde.org\/es\/portada-de-una-participativo-de-la-vivienda-en-annemasse-2018-2020\/#primaryimage"},"thumbnailUrl":"https:\/\/urbamonde.org\/wp-content\/uploads\/2024\/10\/telechargement-5-1.jpg","datePublished":"2025-09-09T07:17:23+00:00","breadcrumb":{"@id":"https:\/\/urbamonde.org\/es\/portada-de-una-participativo-de-la-vivienda-en-annemasse-2018-2020\/#breadcrumb"},"inLanguage":"es","potentialAction":[{"@type":"ReadAction","target":["https:\/\/urbamonde.org\/es\/portada-de-una-participativo-de-la-vivienda-en-annemasse-2018-2020\/"]}]},{"@type":"ImageObject","inLanguage":"es","@id":"https:\/\/urbamonde.org\/es\/portada-de-una-participativo-de-la-vivienda-en-annemasse-2018-2020\/#primaryimage","url":"https:\/\/urbamonde.org\/wp-content\/uploads\/2024\/10\/telechargement-5-1.jpg","contentUrl":"https:\/\/urbamonde.org\/wp-content\/uploads\/2024\/10\/telechargement-5-1.jpg","width":780,"height":450},{"@type":"BreadcrumbList","@id":"https:\/\/urbamonde.org\/es\/portada-de-una-participativo-de-la-vivienda-en-annemasse-2018-2020\/#breadcrumb","itemListElement":[{"@type":"ListItem","position":1,"name":"Accueil","item":"https:\/\/urbamonde.org\/es\/"},{"@type":"ListItem","position":2,"name":"Portada de una participativo de la vivienda en Annemasse [2018 &#8211; 2020]"}]},{"@type":"WebSite","@id":"https:\/\/urbamonde.org\/es\/#website","url":"https:\/\/urbamonde.org\/es\/","name":"urbaMonde","description":"des villes durables par et pour les habitant\u00b7es","publisher":{"@id":"https:\/\/urbamonde.org\/es\/#organization"},"potentialAction":[{"@type":"SearchAction","target":{"@type":"EntryPoint","urlTemplate":"https:\/\/urbamonde.org\/es\/?s={search_term_string}"},"query-input":{"@type":"PropertyValueSpecification","valueRequired":true,"valueName":"search_term_string"}}],"inLanguage":"es"},{"@type":"Organization","@id":"https:\/\/urbamonde.org\/es\/#organization","name":"urbaMonde","url":"https:\/\/urbamonde.org\/es\/","logo":{"@type":"ImageObject","inLanguage":"es","@id":"https:\/\/urbamonde.org\/es\/#\/schema\/logo\/image\/","url":"https:\/\/urbamonde.org\/wp-content\/uploads\/2024\/10\/logo-urbamonde-fr.png","contentUrl":"https:\/\/urbamonde.org\/wp-content\/uploads\/2024\/10\/logo-urbamonde-fr.png","width":271,"height":65,"caption":"urbaMonde"},"image":{"@id":"https:\/\/urbamonde.org\/es\/#\/schema\/logo\/image\/"},"sameAs":["https:\/\/www.facebook.com\/urbaMonde\/","https:\/\/www.linkedin.com\/company\/urbamonde","https:\/\/www.instagram.com\/urba.monde\/"]},{"@type":"Person","@id":"https:\/\/urbamonde.org\/es\/#\/schema\/person\/d1fa8d0b4d40c7f1933d29ab86a485f5","name":"njato","image":{"@type":"ImageObject","inLanguage":"es","@id":"https:\/\/secure.gravatar.com\/avatar\/fb7975e14d19cd4d63178b531e1a3e74cc198f3ac6d3e7d44f7b0d7871bcc97b?s=96&d=mm&r=g","url":"https:\/\/secure.gravatar.com\/avatar\/fb7975e14d19cd4d63178b531e1a3e74cc198f3ac6d3e7d44f7b0d7871bcc97b?s=96&d=mm&r=g","contentUrl":"https:\/\/secure.gravatar.com\/avatar\/fb7975e14d19cd4d63178b531e1a3e74cc198f3ac6d3e7d44f7b0d7871bcc97b?s=96&d=mm&r=g","caption":"njato"},"url":"https:\/\/urbamonde.org\/es\/author\/njato\/"}]}},"_links":{"self":[{"href":"https:\/\/urbamonde.org\/es\/wp-json\/wp\/v2\/posts\/1636","targetHints":{"allow":["GET"]}}],"collection":[{"href":"https:\/\/urbamonde.org\/es\/wp-json\/wp\/v2\/posts"}],"about":[{"href":"https:\/\/urbamonde.org\/es\/wp-json\/wp\/v2\/types\/post"}],"author":[{"embeddable":true,"href":"https:\/\/urbamonde.org\/es\/wp-json\/wp\/v2\/users\/5"}],"replies":[{"embeddable":true,"href":"https:\/\/urbamonde.org\/es\/wp-json\/wp\/v2\/comments?post=1636"}],"version-history":[{"count":2,"href":"https:\/\/urbamonde.org\/es\/wp-json\/wp\/v2\/posts\/1636\/revisions"}],"predecessor-version":[{"id":1865,"href":"https:\/\/urbamonde.org\/es\/wp-json\/wp\/v2\/posts\/1636\/revisions\/1865"}],"wp:featuredmedia":[{"embeddable":true,"href":"https:\/\/urbamonde.org\/es\/wp-json\/wp\/v2\/media\/524"}],"wp:attachment":[{"href":"https:\/\/urbamonde.org\/es\/wp-json\/wp\/v2\/media?parent=1636"}],"wp:term":[{"taxonomy":"category","embeddable":true,"href":"https:\/\/urbamonde.org\/es\/wp-json\/wp\/v2\/categories?post=1636"},{"taxonomy":"post_tag","embeddable":true,"href":"https:\/\/urbamonde.org\/es\/wp-json\/wp\/v2\/tags?post=1636"}],"curies":[{"name":"wp","href":"https:\/\/api.w.org\/{rel}","templated":true}]}}