{"id":1640,"date":"2025-09-08T09:24:21","date_gmt":"2025-09-08T07:24:21","guid":{"rendered":"https:\/\/preview.urbamonde.org\/?p=1640"},"modified":"2025-01-23T12:14:53","modified_gmt":"2025-01-23T11:14:53","slug":"foro-del-habitat-cooperativo-y-abierto-de-dia-en-ginebra-2018","status":"publish","type":"post","link":"https:\/\/urbamonde.org\/es\/foro-del-habitat-cooperativo-y-abierto-de-dia-en-ginebra-2018\/","title":{"rendered":"Foro del h\u00e1bitat cooperativo y abierto de d\u00eda en Ginebra [2018]"},"content":{"rendered":"<h2 class=\"spip\">El primer foro del h\u00e1bitat de la cooperativa de ginebra se celebrar\u00e1 el s\u00e1bado, 29 de septiembre de 2018 en el Pavillon Sicli.<\/h2>\n<p>&nbsp;<\/p>\n<p>En un d\u00eda determinado, que reuni\u00f3 a las cooperativas de las que pudieron presentar sus proyectos actuales y futuros y, por otro lado, sus socios &#8211; los arquitectos, los AMO, los bancos, etc. &#8211; que pudieron presentar sus servicios.<\/p>\n<p>Conferencias y talleres tem\u00e1ticos, tambi\u00e9n se organizaron a lo largo del d\u00eda.<\/p>\n<p>Este foro ha puesto en marcha la Jornada de puertas abiertas, que tuvo lugar el 30 de septiembre y el fin de semana del 6 y 7 de octubre. En esta ocasi\u00f3n, esta no es menos de 26 edificios de las cooperativas en ginebra, que han abierto sus puertas y ofrece visitas guiadas a los individuos interesados.<\/p>\n<div class=\"spip_document_176 spip_document spip_documents spip_document_image spip_documents_center spip_document_center\">\n<figure class=\"spip_doc_inner\"><a class=\"spip_doc_lien mediabox\" href=\"https:\/\/urbamonde.org\/IMG\/jpg\/forumfjpo-geneve-2018.jpg\" type=\"image\/jpeg\"><img fetchpriority=\"high\" decoding=\"async\" src=\"https:\/\/urbamonde.org\/IMG\/jpg\/forumfjpo-geneve-2018.jpg\" alt=\"\" width=\"2902\" height=\"1444\"><\/a><\/figure>\n<\/div>\n<div class=\"spip_document_265 spip_document spip_documents spip_document_image spip_documents_center spip_document_center\">\n<figure class=\"spip_doc_inner\"><a class=\"spip_doc_lien mediabox\" href=\"https:\/\/urbamonde.org\/IMG\/jpg\/jpo-geneve-2018-logement-bus.jpg\" type=\"image\/jpeg\"><img decoding=\"async\" src=\"https:\/\/urbamonde.org\/IMG\/jpg\/jpo-geneve-2018-logement-bus.jpg\" alt=\"\" width=\"2048\" height=\"1429\"><\/a><\/figure>\n<\/div>","protected":false},"excerpt":{"rendered":"<p>El primer foro del h\u00e1bitat de la cooperativa de ginebra se celebrar\u00e1 el s\u00e1bado, 29 de septiembre de 2018 en el Pavillon Sicli. &nbsp; En un d\u00eda determinado, que reuni\u00f3 a las cooperativas de las que pudieron presentar sus proyectos actuales y futuros y, por otro lado, sus socios &#8211; los arquitectos, los AMO, los [&hellip;]<\/p>","protected":false},"author":5,"featured_media":526,"comment_status":"open","ping_status":"open","sticky":false,"template":"","format":"standard","meta":{"footnotes":""},"categories":[97],"tags":[],"class_list":["post-1640","post","type-post","status-publish","format-standard","has-post-thumbnail","hentry","category-promocion-del-habitat-colaborativo"],"acf":[],"yoast_head":"<!-- This site is optimized with the Yoast SEO plugin v27.4 - https:\/\/yoast.com\/product\/yoast-seo-wordpress\/ -->\n<title>Foro del h\u00e1bitat cooperativo y abierto de d\u00eda en Ginebra [2018] - urbaMonde<\/title>\n<meta name=\"robots\" content=\"index, follow, max-snippet:-1, max-image-preview:large, max-video-preview:-1\" \/>\n<link rel=\"canonical\" href=\"https:\/\/urbamonde.org\/es\/foro-del-habitat-cooperativo-y-abierto-de-dia-en-ginebra-2018\/\" \/>\n<meta property=\"og:locale\" content=\"es_ES\" \/>\n<meta property=\"og:type\" content=\"article\" \/>\n<meta property=\"og:title\" content=\"Foro del h\u00e1bitat cooperativo y abierto de d\u00eda en Ginebra [2018] - urbaMonde\" \/>\n<meta property=\"og:description\" content=\"El primer foro del h\u00e1bitat de la cooperativa de ginebra se celebrar\u00e1 el s\u00e1bado, 29 de septiembre de 2018 en el Pavillon Sicli. &nbsp; En un d\u00eda determinado, que reuni\u00f3 a las cooperativas de las que pudieron presentar sus proyectos actuales y futuros y, por otro lado, sus socios &#8211; los arquitectos, los AMO, los [&hellip;]\" \/>\n<meta property=\"og:url\" content=\"https:\/\/urbamonde.org\/es\/foro-del-habitat-cooperativo-y-abierto-de-dia-en-ginebra-2018\/\" \/>\n<meta property=\"og:site_name\" content=\"urbaMonde\" \/>\n<meta property=\"article:publisher\" content=\"https:\/\/www.facebook.com\/urbaMonde\/\" \/>\n<meta property=\"article:published_time\" content=\"2025-09-08T07:24:21+00:00\" \/>\n<meta property=\"og:image\" content=\"http:\/\/urbamonde.org\/wp-content\/uploads\/2024\/10\/telechargement-7.jpg\" \/>\n\t<meta property=\"og:image:width\" content=\"1000\" \/>\n\t<meta property=\"og:image:height\" content=\"670\" \/>\n\t<meta property=\"og:image:type\" content=\"image\/jpeg\" \/>\n<meta name=\"author\" content=\"njato\" \/>\n<meta name=\"twitter:card\" content=\"summary_large_image\" \/>\n<meta name=\"twitter:label1\" content=\"Escrito por\" \/>\n\t<meta name=\"twitter:data1\" content=\"njato\" \/>\n\t<meta name=\"twitter:label2\" content=\"Tiempo de lectura\" \/>\n\t<meta name=\"twitter:data2\" content=\"1 minuto\" \/>\n<script type=\"application\/ld+json\" class=\"yoast-schema-graph\">{\"@context\":\"https:\\\/\\\/schema.org\",\"@graph\":[{\"@type\":\"Article\",\"@id\":\"https:\\\/\\\/urbamonde.org\\\/es\\\/foro-del-habitat-cooperativo-y-abierto-de-dia-en-ginebra-2018\\\/#article\",\"isPartOf\":{\"@id\":\"https:\\\/\\\/urbamonde.org\\\/es\\\/foro-del-habitat-cooperativo-y-abierto-de-dia-en-ginebra-2018\\\/\"},\"author\":{\"name\":\"njato\",\"@id\":\"https:\\\/\\\/urbamonde.org\\\/es\\\/#\\\/schema\\\/person\\\/d1fa8d0b4d40c7f1933d29ab86a485f5\"},\"headline\":\"Foro del h\u00e1bitat cooperativo y abierto de d\u00eda en Ginebra [2018]\",\"datePublished\":\"2025-09-08T07:24:21+00:00\",\"mainEntityOfPage\":{\"@id\":\"https:\\\/\\\/urbamonde.org\\\/es\\\/foro-del-habitat-cooperativo-y-abierto-de-dia-en-ginebra-2018\\\/\"},\"wordCount\":145,\"commentCount\":0,\"publisher\":{\"@id\":\"https:\\\/\\\/urbamonde.org\\\/es\\\/#organization\"},\"image\":{\"@id\":\"https:\\\/\\\/urbamonde.org\\\/es\\\/foro-del-habitat-cooperativo-y-abierto-de-dia-en-ginebra-2018\\\/#primaryimage\"},\"thumbnailUrl\":\"https:\\\/\\\/urbamonde.org\\\/wp-content\\\/uploads\\\/2024\\\/10\\\/telechargement-7.jpg\",\"articleSection\":[\"Promoci\u00f3n del h\u00e1bitat colaborativo\"],\"inLanguage\":\"es\",\"potentialAction\":[{\"@type\":\"CommentAction\",\"name\":\"Comment\",\"target\":[\"https:\\\/\\\/urbamonde.org\\\/es\\\/foro-del-habitat-cooperativo-y-abierto-de-dia-en-ginebra-2018\\\/#respond\"]}]},{\"@type\":\"WebPage\",\"@id\":\"https:\\\/\\\/urbamonde.org\\\/es\\\/foro-del-habitat-cooperativo-y-abierto-de-dia-en-ginebra-2018\\\/\",\"url\":\"https:\\\/\\\/urbamonde.org\\\/es\\\/foro-del-habitat-cooperativo-y-abierto-de-dia-en-ginebra-2018\\\/\",\"name\":\"Foro del h\u00e1bitat cooperativo y abierto de d\u00eda en Ginebra [2018] - urbaMonde\",\"isPartOf\":{\"@id\":\"https:\\\/\\\/urbamonde.org\\\/es\\\/#website\"},\"primaryImageOfPage\":{\"@id\":\"https:\\\/\\\/urbamonde.org\\\/es\\\/foro-del-habitat-cooperativo-y-abierto-de-dia-en-ginebra-2018\\\/#primaryimage\"},\"image\":{\"@id\":\"https:\\\/\\\/urbamonde.org\\\/es\\\/foro-del-habitat-cooperativo-y-abierto-de-dia-en-ginebra-2018\\\/#primaryimage\"},\"thumbnailUrl\":\"https:\\\/\\\/urbamonde.org\\\/wp-content\\\/uploads\\\/2024\\\/10\\\/telechargement-7.jpg\",\"datePublished\":\"2025-09-08T07:24:21+00:00\",\"breadcrumb\":{\"@id\":\"https:\\\/\\\/urbamonde.org\\\/es\\\/foro-del-habitat-cooperativo-y-abierto-de-dia-en-ginebra-2018\\\/#breadcrumb\"},\"inLanguage\":\"es\",\"potentialAction\":[{\"@type\":\"ReadAction\",\"target\":[\"https:\\\/\\\/urbamonde.org\\\/es\\\/foro-del-habitat-cooperativo-y-abierto-de-dia-en-ginebra-2018\\\/\"]}]},{\"@type\":\"ImageObject\",\"inLanguage\":\"es\",\"@id\":\"https:\\\/\\\/urbamonde.org\\\/es\\\/foro-del-habitat-cooperativo-y-abierto-de-dia-en-ginebra-2018\\\/#primaryimage\",\"url\":\"https:\\\/\\\/urbamonde.org\\\/wp-content\\\/uploads\\\/2024\\\/10\\\/telechargement-7.jpg\",\"contentUrl\":\"https:\\\/\\\/urbamonde.org\\\/wp-content\\\/uploads\\\/2024\\\/10\\\/telechargement-7.jpg\",\"width\":1000,\"height\":670},{\"@type\":\"BreadcrumbList\",\"@id\":\"https:\\\/\\\/urbamonde.org\\\/es\\\/foro-del-habitat-cooperativo-y-abierto-de-dia-en-ginebra-2018\\\/#breadcrumb\",\"itemListElement\":[{\"@type\":\"ListItem\",\"position\":1,\"name\":\"Accueil\",\"item\":\"https:\\\/\\\/urbamonde.org\\\/es\\\/\"},{\"@type\":\"ListItem\",\"position\":2,\"name\":\"Foro del h\u00e1bitat cooperativo y abierto de d\u00eda en Ginebra [2018]\"}]},{\"@type\":\"WebSite\",\"@id\":\"https:\\\/\\\/urbamonde.org\\\/es\\\/#website\",\"url\":\"https:\\\/\\\/urbamonde.org\\\/es\\\/\",\"name\":\"urbaMonde\",\"description\":\"des villes durables par et pour les habitant\u00b7es\",\"publisher\":{\"@id\":\"https:\\\/\\\/urbamonde.org\\\/es\\\/#organization\"},\"potentialAction\":[{\"@type\":\"SearchAction\",\"target\":{\"@type\":\"EntryPoint\",\"urlTemplate\":\"https:\\\/\\\/urbamonde.org\\\/es\\\/?s={search_term_string}\"},\"query-input\":{\"@type\":\"PropertyValueSpecification\",\"valueRequired\":true,\"valueName\":\"search_term_string\"}}],\"inLanguage\":\"es\"},{\"@type\":\"Organization\",\"@id\":\"https:\\\/\\\/urbamonde.org\\\/es\\\/#organization\",\"name\":\"urbaMonde\",\"url\":\"https:\\\/\\\/urbamonde.org\\\/es\\\/\",\"logo\":{\"@type\":\"ImageObject\",\"inLanguage\":\"es\",\"@id\":\"https:\\\/\\\/urbamonde.org\\\/es\\\/#\\\/schema\\\/logo\\\/image\\\/\",\"url\":\"https:\\\/\\\/urbamonde.org\\\/wp-content\\\/uploads\\\/2024\\\/10\\\/logo-urbamonde-fr.png\",\"contentUrl\":\"https:\\\/\\\/urbamonde.org\\\/wp-content\\\/uploads\\\/2024\\\/10\\\/logo-urbamonde-fr.png\",\"width\":271,\"height\":65,\"caption\":\"urbaMonde\"},\"image\":{\"@id\":\"https:\\\/\\\/urbamonde.org\\\/es\\\/#\\\/schema\\\/logo\\\/image\\\/\"},\"sameAs\":[\"https:\\\/\\\/www.facebook.com\\\/urbaMonde\\\/\",\"https:\\\/\\\/www.linkedin.com\\\/company\\\/urbamonde\",\"https:\\\/\\\/www.instagram.com\\\/urba.monde\\\/\"]},{\"@type\":\"Person\",\"@id\":\"https:\\\/\\\/urbamonde.org\\\/es\\\/#\\\/schema\\\/person\\\/d1fa8d0b4d40c7f1933d29ab86a485f5\",\"name\":\"njato\",\"image\":{\"@type\":\"ImageObject\",\"inLanguage\":\"es\",\"@id\":\"https:\\\/\\\/secure.gravatar.com\\\/avatar\\\/fb7975e14d19cd4d63178b531e1a3e74cc198f3ac6d3e7d44f7b0d7871bcc97b?s=96&d=mm&r=g\",\"url\":\"https:\\\/\\\/secure.gravatar.com\\\/avatar\\\/fb7975e14d19cd4d63178b531e1a3e74cc198f3ac6d3e7d44f7b0d7871bcc97b?s=96&d=mm&r=g\",\"contentUrl\":\"https:\\\/\\\/secure.gravatar.com\\\/avatar\\\/fb7975e14d19cd4d63178b531e1a3e74cc198f3ac6d3e7d44f7b0d7871bcc97b?s=96&d=mm&r=g\",\"caption\":\"njato\"},\"url\":\"https:\\\/\\\/urbamonde.org\\\/es\\\/author\\\/njato\\\/\"}]}<\/script>\n<!-- \/ Yoast SEO plugin. -->","yoast_head_json":{"title":"Foro del h\u00e1bitat cooperativo y abierto de d\u00eda en Ginebra [2018] - urbaMonde","robots":{"index":"index","follow":"follow","max-snippet":"max-snippet:-1","max-image-preview":"max-image-preview:large","max-video-preview":"max-video-preview:-1"},"canonical":"https:\/\/urbamonde.org\/es\/foro-del-habitat-cooperativo-y-abierto-de-dia-en-ginebra-2018\/","og_locale":"es_ES","og_type":"article","og_title":"Foro del h\u00e1bitat cooperativo y abierto de d\u00eda en Ginebra [2018] - urbaMonde","og_description":"El primer foro del h\u00e1bitat de la cooperativa de ginebra se celebrar\u00e1 el s\u00e1bado, 29 de septiembre de 2018 en el Pavillon Sicli. &nbsp; En un d\u00eda determinado, que reuni\u00f3 a las cooperativas de las que pudieron presentar sus proyectos actuales y futuros y, por otro lado, sus socios &#8211; los arquitectos, los AMO, los [&hellip;]","og_url":"https:\/\/urbamonde.org\/es\/foro-del-habitat-cooperativo-y-abierto-de-dia-en-ginebra-2018\/","og_site_name":"urbaMonde","article_publisher":"https:\/\/www.facebook.com\/urbaMonde\/","article_published_time":"2025-09-08T07:24:21+00:00","og_image":[{"width":1000,"height":670,"url":"http:\/\/urbamonde.org\/wp-content\/uploads\/2024\/10\/telechargement-7.jpg","type":"image\/jpeg"}],"author":"njato","twitter_card":"summary_large_image","twitter_misc":{"Escrito por":"njato","Tiempo de lectura":"1 minuto"},"schema":{"@context":"https:\/\/schema.org","@graph":[{"@type":"Article","@id":"https:\/\/urbamonde.org\/es\/foro-del-habitat-cooperativo-y-abierto-de-dia-en-ginebra-2018\/#article","isPartOf":{"@id":"https:\/\/urbamonde.org\/es\/foro-del-habitat-cooperativo-y-abierto-de-dia-en-ginebra-2018\/"},"author":{"name":"njato","@id":"https:\/\/urbamonde.org\/es\/#\/schema\/person\/d1fa8d0b4d40c7f1933d29ab86a485f5"},"headline":"Foro del h\u00e1bitat cooperativo y abierto de d\u00eda en Ginebra [2018]","datePublished":"2025-09-08T07:24:21+00:00","mainEntityOfPage":{"@id":"https:\/\/urbamonde.org\/es\/foro-del-habitat-cooperativo-y-abierto-de-dia-en-ginebra-2018\/"},"wordCount":145,"commentCount":0,"publisher":{"@id":"https:\/\/urbamonde.org\/es\/#organization"},"image":{"@id":"https:\/\/urbamonde.org\/es\/foro-del-habitat-cooperativo-y-abierto-de-dia-en-ginebra-2018\/#primaryimage"},"thumbnailUrl":"https:\/\/urbamonde.org\/wp-content\/uploads\/2024\/10\/telechargement-7.jpg","articleSection":["Promoci\u00f3n del h\u00e1bitat colaborativo"],"inLanguage":"es","potentialAction":[{"@type":"CommentAction","name":"Comment","target":["https:\/\/urbamonde.org\/es\/foro-del-habitat-cooperativo-y-abierto-de-dia-en-ginebra-2018\/#respond"]}]},{"@type":"WebPage","@id":"https:\/\/urbamonde.org\/es\/foro-del-habitat-cooperativo-y-abierto-de-dia-en-ginebra-2018\/","url":"https:\/\/urbamonde.org\/es\/foro-del-habitat-cooperativo-y-abierto-de-dia-en-ginebra-2018\/","name":"Foro del h\u00e1bitat cooperativo y abierto de d\u00eda en Ginebra [2018] - urbaMonde","isPartOf":{"@id":"https:\/\/urbamonde.org\/es\/#website"},"primaryImageOfPage":{"@id":"https:\/\/urbamonde.org\/es\/foro-del-habitat-cooperativo-y-abierto-de-dia-en-ginebra-2018\/#primaryimage"},"image":{"@id":"https:\/\/urbamonde.org\/es\/foro-del-habitat-cooperativo-y-abierto-de-dia-en-ginebra-2018\/#primaryimage"},"thumbnailUrl":"https:\/\/urbamonde.org\/wp-content\/uploads\/2024\/10\/telechargement-7.jpg","datePublished":"2025-09-08T07:24:21+00:00","breadcrumb":{"@id":"https:\/\/urbamonde.org\/es\/foro-del-habitat-cooperativo-y-abierto-de-dia-en-ginebra-2018\/#breadcrumb"},"inLanguage":"es","potentialAction":[{"@type":"ReadAction","target":["https:\/\/urbamonde.org\/es\/foro-del-habitat-cooperativo-y-abierto-de-dia-en-ginebra-2018\/"]}]},{"@type":"ImageObject","inLanguage":"es","@id":"https:\/\/urbamonde.org\/es\/foro-del-habitat-cooperativo-y-abierto-de-dia-en-ginebra-2018\/#primaryimage","url":"https:\/\/urbamonde.org\/wp-content\/uploads\/2024\/10\/telechargement-7.jpg","contentUrl":"https:\/\/urbamonde.org\/wp-content\/uploads\/2024\/10\/telechargement-7.jpg","width":1000,"height":670},{"@type":"BreadcrumbList","@id":"https:\/\/urbamonde.org\/es\/foro-del-habitat-cooperativo-y-abierto-de-dia-en-ginebra-2018\/#breadcrumb","itemListElement":[{"@type":"ListItem","position":1,"name":"Accueil","item":"https:\/\/urbamonde.org\/es\/"},{"@type":"ListItem","position":2,"name":"Foro del h\u00e1bitat cooperativo y abierto de d\u00eda en Ginebra [2018]"}]},{"@type":"WebSite","@id":"https:\/\/urbamonde.org\/es\/#website","url":"https:\/\/urbamonde.org\/es\/","name":"urbaMonde","description":"des villes durables par et pour les habitant\u00b7es","publisher":{"@id":"https:\/\/urbamonde.org\/es\/#organization"},"potentialAction":[{"@type":"SearchAction","target":{"@type":"EntryPoint","urlTemplate":"https:\/\/urbamonde.org\/es\/?s={search_term_string}"},"query-input":{"@type":"PropertyValueSpecification","valueRequired":true,"valueName":"search_term_string"}}],"inLanguage":"es"},{"@type":"Organization","@id":"https:\/\/urbamonde.org\/es\/#organization","name":"urbaMonde","url":"https:\/\/urbamonde.org\/es\/","logo":{"@type":"ImageObject","inLanguage":"es","@id":"https:\/\/urbamonde.org\/es\/#\/schema\/logo\/image\/","url":"https:\/\/urbamonde.org\/wp-content\/uploads\/2024\/10\/logo-urbamonde-fr.png","contentUrl":"https:\/\/urbamonde.org\/wp-content\/uploads\/2024\/10\/logo-urbamonde-fr.png","width":271,"height":65,"caption":"urbaMonde"},"image":{"@id":"https:\/\/urbamonde.org\/es\/#\/schema\/logo\/image\/"},"sameAs":["https:\/\/www.facebook.com\/urbaMonde\/","https:\/\/www.linkedin.com\/company\/urbamonde","https:\/\/www.instagram.com\/urba.monde\/"]},{"@type":"Person","@id":"https:\/\/urbamonde.org\/es\/#\/schema\/person\/d1fa8d0b4d40c7f1933d29ab86a485f5","name":"njato","image":{"@type":"ImageObject","inLanguage":"es","@id":"https:\/\/secure.gravatar.com\/avatar\/fb7975e14d19cd4d63178b531e1a3e74cc198f3ac6d3e7d44f7b0d7871bcc97b?s=96&d=mm&r=g","url":"https:\/\/secure.gravatar.com\/avatar\/fb7975e14d19cd4d63178b531e1a3e74cc198f3ac6d3e7d44f7b0d7871bcc97b?s=96&d=mm&r=g","contentUrl":"https:\/\/secure.gravatar.com\/avatar\/fb7975e14d19cd4d63178b531e1a3e74cc198f3ac6d3e7d44f7b0d7871bcc97b?s=96&d=mm&r=g","caption":"njato"},"url":"https:\/\/urbamonde.org\/es\/author\/njato\/"}]}},"_links":{"self":[{"href":"https:\/\/urbamonde.org\/es\/wp-json\/wp\/v2\/posts\/1640","targetHints":{"allow":["GET"]}}],"collection":[{"href":"https:\/\/urbamonde.org\/es\/wp-json\/wp\/v2\/posts"}],"about":[{"href":"https:\/\/urbamonde.org\/es\/wp-json\/wp\/v2\/types\/post"}],"author":[{"embeddable":true,"href":"https:\/\/urbamonde.org\/es\/wp-json\/wp\/v2\/users\/5"}],"replies":[{"embeddable":true,"href":"https:\/\/urbamonde.org\/es\/wp-json\/wp\/v2\/comments?post=1640"}],"version-history":[{"count":2,"href":"https:\/\/urbamonde.org\/es\/wp-json\/wp\/v2\/posts\/1640\/revisions"}],"predecessor-version":[{"id":1879,"href":"https:\/\/urbamonde.org\/es\/wp-json\/wp\/v2\/posts\/1640\/revisions\/1879"}],"wp:featuredmedia":[{"embeddable":true,"href":"https:\/\/urbamonde.org\/es\/wp-json\/wp\/v2\/media\/526"}],"wp:attachment":[{"href":"https:\/\/urbamonde.org\/es\/wp-json\/wp\/v2\/media?parent=1640"}],"wp:term":[{"taxonomy":"category","embeddable":true,"href":"https:\/\/urbamonde.org\/es\/wp-json\/wp\/v2\/categories?post=1640"},{"taxonomy":"post_tag","embeddable":true,"href":"https:\/\/urbamonde.org\/es\/wp-json\/wp\/v2\/tags?post=1640"}],"curies":[{"name":"wp","href":"https:\/\/api.w.org\/{rel}","templated":true}]}}