{"id":1669,"date":"2025-09-06T09:14:37","date_gmt":"2025-09-06T07:14:37","guid":{"rendered":"https:\/\/preview.urbamonde.org\/?p=1669"},"modified":"2025-01-23T12:12:47","modified_gmt":"2025-01-23T11:12:47","slug":"concentrador-de-europa-participativo-de-la-vivienda-en-europa","status":"publish","type":"post","link":"https:\/\/urbamonde.org\/es\/concentrador-de-europa-participativo-de-la-vivienda-en-europa\/","title":{"rendered":"Concentrador de Europa : participativo de la vivienda en Europa"},"content":{"rendered":"<h2 class=\"spip\">UrbaMonde promueve la creaci\u00f3n de redes de actores en la Producci\u00f3n Social del H\u00e1bitat en Europa, a trav\u00e9s de reuniones regionales y la animaci\u00f3n de la red.<\/h2>\n<p>&nbsp;<\/p>\n<p>h\u00e1bitat de colaboraci\u00f3n atrae a m\u00e1s y m\u00e1s atenci\u00f3n en toda Europa, ya que proporciona las respuestas a los desaf\u00edos relacionados con el d\u00e9ficit de vivienda asequible, el cambio demogr\u00e1fico, la exclusi\u00f3n social y la segregaci\u00f3n espacial, la migraci\u00f3n y la inseguridad.<\/p>\n<p>Modelos de vivienda, experimental, autodirigido, colaborativo y no especulativo de alimentaci\u00f3n en una larga tradici\u00f3n de h\u00e1bitat colectivo en algunos pa\u00edses \u2013 principalmente en Suecia, Alemania, Dinamarca, Suiza, B\u00e9lgica y los pa\u00edses bajos.<\/p>\n<p>Estas antiguas pr\u00e1cticas se est\u00e1n reinventado y adaptado a las nuevas iniciativas, alternativas e innovadoras que participan en la lucha contra la falta de vivienda, la econom\u00eda circular y el desarrollo local.<\/p>\n<p>Desde 2016, UrbaMonde contribuye a esta din\u00e1mica de la promoci\u00f3n de los h\u00e1bitat de colaboraci\u00f3n, de los participantes, el intercambio de experiencias, contribuyendo a proyectos de investigaci\u00f3n (Co-Laboratorio de Investigaci\u00f3n y proyectos de promoci\u00f3n, tales como el programa de la liberaci\u00f3n de las Tierras de la Comunidad la Confianza en Europa, impulsado por la CLT, Bruselas, y la Metr\u00f3polis de Lille (SHICC&nbsp;: vivienda Sostenible para inclusiva y cohesionada ciudades).<\/p>\n<h2 class=\"spip\">Simposio de cooperativas de vivienda, Suiza<\/h2>\n<p>En 2022, urbaMonde particip\u00f3 en el Simposio de cooperativas de vivienda, de Zurich, y ha co-organiz\u00f3 un evento paralelo dedicado a los estudiantes de las cooperativas en Ginebra. Este evento ha propuesto un foro de dos d\u00edas y taller, as\u00ed como excursiones de cooperativas de vivienda del estudiante. Esta reuni\u00f3n fue el punto de partida hacia la creaci\u00f3n de una futura federaci\u00f3n de cooperativas de vivienda para los estudiantes\u00b7es a nivel internacional.<\/p>\n<div class=\"spip_document_399 spip_document spip_documents spip_document_image spip_documents_center spip_document_center\">\n<figure class=\"spip_doc_inner\"><a class=\"spip_doc_lien mediabox\" href=\"https:\/\/urbamonde.org\/IMG\/jpg\/cooperative-housing-symposium-zurich-geneve_1_.jpg\" type=\"image\/jpeg\"><img fetchpriority=\"high\" decoding=\"async\" src=\"https:\/\/urbamonde.org\/IMG\/jpg\/cooperative-housing-symposium-zurich-geneve_1_.jpg\" alt=\"\" width=\"1808\" height=\"1296\"><\/a><\/figure>\n<\/div>\n<p><iframe title=\"YouTube video player\" src=\"https:\/\/www.youtube.com\/embed\/Fdmy5U79gcA\" width=\"100%\" height=\"400\" frameborder=\"0\" allowfullscreen=\"allowfullscreen\" data-mce-fragment=\"1\"><\/iframe><\/p>\n<h2 class=\"spip\">El Foro Urbano Mundial, 11, Polonia &#8211; H\u00e1bitat Pueblo<\/h2>\n<p>En 2022, urbaMonde y sus socios de la Red CoHabitat se reunieron en Katowice por el Foro Urbano Mundial organizado por onu-H\u00e1bitat. Un espacio creado por urbaMonde, apodado el \u00ab\u00a0H\u00e1bitat Pueblo\u00a0\u00bb, fue el trabajo y el \u00e9xito de los socios de la Red en la promoci\u00f3n y defensa de los h\u00e1bitat participativo, mientras que constituyen un importante punto de encuentro entre los actores\u00b7los directores de la vivienda, interesados en pr\u00e1cticas colaborativas y el derecho a una vivienda adecuada.<\/p>\n<p><iframe title=\"YouTube video player\" src=\"https:\/\/www.youtube.com\/embed\/UC-b9lls9CY\" width=\"100%\" height=\"400\" frameborder=\"0\" allowfullscreen=\"allowfullscreen\" data-mce-fragment=\"1\"><\/iframe><\/p>\n<p>Tambi\u00e9n tenemos nuestro primer senegal\u00e9s socios de larga data, urbaSEN y el Senegal\u00e9s de la Federaci\u00f3n de los Habitantes, quienes presentaron sus proyectos de Viveros, zonas Urbanas y la Ciudad de FSH, en el Pabell\u00f3n franc\u00e9s.<\/p>\n<h2 class=\"spip\">ISHF 2022, Finlandia &#8211; Colaboraci\u00f3n de la Vivienda el D\u00eda<\/h2>\n<p>Para la edici\u00f3n de 2022, en el Festival Internacional de Vivienda Social, celebrada en Helsinki del 14 al 17 de junio, de Vivienda de Europa ha llevado a urbaMonde a repetir el evento en el h\u00e1bitat participativo organizado al margen de la \u00faltima ISHF en Lyon en el a\u00f1o 2019. Como organizaci\u00f3n, el coordinador de la Red CoHabitat, y con el apoyo del Mundial del H\u00e1bitat, y CHI,&nbsp;<strong>urbaMonde ha sido capaz de ofrecer un d\u00eda completo de intercambio de conocimientos y oportunidades de creaci\u00f3n de redes en torno a la Producci\u00f3n Social del H\u00e1bitat<\/strong>.<\/p>\n<p>Este d\u00eda especial se ha fortalecido la promoci\u00f3n de participaci\u00f3n de la vivienda en Europa, un elemento clave para garantizar el derecho a una vivienda adecuada y el derecho a la ciudad, mientras que la integraci\u00f3n c\u00e1pita\u00b7es en el centro de los procesos que conforman su h\u00e1bitat y su ciudad. El puntapi\u00e9 inicial fue dado con unas palabras de introducci\u00f3n de representante\u2e31es de Viviendas de Europa, la Ciudad de Helsinki, el Mundo del H\u00e1bitat y la Coalici\u00f3n Internacional para el H\u00e1bitat.<\/p>\n<p>En los m\u00e1rgenes de este evento, tours de los tres proyectos de vivienda local participativo eventos fueron organizados por urbaMonde con el apoyo de Salla Korpela, un activista de la participaci\u00f3n de la vivienda en Helsinki.<\/p>\n<p><iframe title=\"YouTube video player\" src=\"https:\/\/www.youtube.com\/embed\/kTnNAEUEbQA\" width=\"100%\" height=\"400\" frameborder=\"0\" allowfullscreen=\"allowfullscreen\" data-mce-fragment=\"1\"><\/iframe><\/p>\n<div class=\"spip_document_343 spip_document spip_documents spip_document_image spip_documents_center spip_document_center\">\n<figure class=\"spip_doc_inner\"><a class=\"spip_doc_lien mediabox\" href=\"https:\/\/urbamonde.org\/IMG\/jpg\/chd-ishf-1.jpg\" type=\"image\/jpeg\"><img decoding=\"async\" src=\"https:\/\/urbamonde.org\/IMG\/jpg\/chd-ishf-1.jpg\" alt=\"\" width=\"1103\" height=\"432\"><\/a><\/figure>\n<\/div>\n<div class=\"spip_document_342 spip_document spip_documents spip_document_image spip_documents_center spip_document_center\">\n<figure class=\"spip_doc_inner\"><a class=\"spip_doc_lien mediabox\" href=\"https:\/\/urbamonde.org\/IMG\/jpg\/chd-ishf-3.jpg\" type=\"image\/jpeg\"><img decoding=\"async\" src=\"https:\/\/urbamonde.org\/IMG\/jpg\/chd-ishf-3.jpg\" alt=\"\" width=\"1103\" height=\"432\"><\/a><\/figure>\n<\/div>\n<div class=\"spip_document_341 spip_document spip_documents spip_document_image spip_documents_center spip_document_center\">\n<figure class=\"spip_doc_inner\"><a class=\"spip_doc_lien mediabox\" href=\"https:\/\/urbamonde.org\/IMG\/jpg\/chd-ishf-2.jpg\" type=\"image\/jpeg\"><img loading=\"lazy\" decoding=\"async\" src=\"https:\/\/urbamonde.org\/IMG\/jpg\/chd-ishf-2.jpg\" alt=\"\" width=\"1103\" height=\"432\"><\/a><\/figure>\n<\/div>\n<h2 class=\"spip\">Encuentro europeo de 2019, Lyon, Francia &#8211; el Replanteamiento de la vivienda asequible por y para el habitante\u00b7es<\/h2>\n<p><strong>de los Socios&nbsp;:<\/strong>&nbsp;Viviendas Europa, Mundial del H\u00e1bitat, cooperativa de Vivienda Internacionales, SHICC, Co-Laboratorio de Investigaci\u00f3n de la TU Delft, Coalici\u00f3n Internacional para el H\u00e1bitat, de la Plataforma Global por el Derecho a la Ciudad.<\/p>\n<p>El D\u00eda Europeo de los H\u00e1bitat de Colaboraci\u00f3n se celebr\u00f3 el 5 de junio de 2019, en el marco de la Internacional de Vivienda Social del Festival (ISHF) en Lyon, francia.<\/p>\n<p>La Jornada est\u00e1 organizada en torno a mesas redondas p\u00fablicas, sesiones de trabajo y el lanzamiento de los Ciudadanos franceses  de la Iniciativa de \u00ab\u00a0Vivienda Para Todos\u00a0\u00bb en la presencia de Leilani Farha, Relator Especial de las Naciones Unidas para el Derecho a la Vivienda. La Jornada reuni\u00f3 a m\u00e1s de 150 participantes de quince pa\u00edses.<\/p>\n<p><iframe title=\"YouTube video player\" src=\"https:\/\/www.youtube.com\/embed\/sSSYOxRSWXk\" width=\"100%\" height=\"400\" frameborder=\"0\" allowfullscreen=\"allowfullscreen\" data-mce-fragment=\"1\"><\/iframe><\/p>\n<h2 class=\"spip\">Encuentro europeo de 2017, Berl\u00edn, Alemania<\/h2>\n<p><strong>Socios&nbsp;:<\/strong>&nbsp;id22 &#8211; Instituto para la sostenibilidad creativa, el Mundial del H\u00e1bitat<\/p>\n<p>Del 6 al 8 de octubre, urbaMonde y id22&nbsp;: instituto para la sostenibilidad creativa co-organiz\u00f3 el segundo Encuentro Europeo de los H\u00e1bitat de Colaboraci\u00f3n en el marco de EXPERIMENTDAYS en Berl\u00edn. EXPERIMENTDAYS es una plataforma de ideas y el intercambio, reuniendo los proyectos de h\u00e1bitats de cooperaci\u00f3n y colaboraci\u00f3n, as\u00ed como de los actores involucrados en la producci\u00f3n de espacios de vida, inclusivo y sostenible.<\/p>\n<p>En este a\u00f1o 2017, m\u00e1s de 150 participantes de 19 pa\u00edses se hicieron presentes para compartir sus experiencias en las m\u00faltiples dimensiones de la inclusi\u00f3n y de los h\u00e1bitat de co-op de m\u00e1s de 16 talleres, sesiones plenarias, proyecciones de pel\u00edculas, visitas, proyectos y sesiones de lectura.<\/p>\n<p>La Reuni\u00f3n de 2017, ha desencadenado la creaci\u00f3n de los MOBA reunir los proyectos de vivienda de colaboraci\u00f3n y de cooperaci\u00f3n a los conductores de los 6 pa\u00edses de Europa Central y Est\u00e1 tratando de acelerar el desarrollo de la vivienda de colaboraci\u00f3n en la sub-regi\u00f3n.<\/p>\n<p><iframe title=\"YouTube video player\" src=\"https:\/\/www.youtube.com\/embed\/dL8YtueM3Gg\" width=\"100%\" height=\"400\" frameborder=\"0\" allowfullscreen=\"allowfullscreen\" data-mce-fragment=\"1\"><\/iframe><\/p>\n<h2 class=\"spip\">Encuentro europeo de 2016, Louvain-La-Neuve, B\u00e9lgica<\/h2>\n<p><strong>Socios&nbsp;:&nbsp;<\/strong>El h\u00e1bitat y la Participaci\u00f3n Mundial del H\u00e1bitat<\/p>\n<p>El primer Encuentro europeo de los h\u00e1bitat de colaboraci\u00f3n tuvo lugar el 30 y 31 de mayo de 2016 en B\u00e9lgica. En un primer d\u00eda comercial estrat\u00e9gica, a unos 35 miembros de las principales redes europeas de h\u00e1bitat de colaboraci\u00f3n representante de iniciativas basadas en el modelo de los Terrenos de la Comunidad de Fideicomisos, cooperativa de vivienda, h\u00e1bitat, h\u00e1bitat de participaci\u00f3n, etc&nbsp;; los titulares de los proyectos locales (h\u00e1bitat de la fase de formaci\u00f3n y de consolidaci\u00f3n), as\u00ed como investigadores llegaron juntos. El participante\u00b7es ha tenido la oportunidad de visitar las Tierras de la Comunidad la Confianza de Bruselas y el intercambio con el habitante\u00b7es.<\/p>\n<p>Un segundo d\u00eda se dedic\u00f3 a las presentaciones de los cuatro proyectos, de los ganadores y el premio para el h\u00e1bitat europeo de colaboraci\u00f3n. Fue organizado en el marco de la 7\u00aa edici\u00f3n del Sal\u00f3n del h\u00e1bitat de cada a\u00f1o re\u00fane a cerca de 200 proyectos de los titulares de h\u00e1bitat, el profesional\u00b7el dominio de los h\u00e1bitat, el representante de\u00b7es de los gobiernos locales y organizaciones sin fines de lucro.<\/p>","protected":false},"excerpt":{"rendered":"<p>UrbaMonde promueve la creaci\u00f3n de redes de actores en la Producci\u00f3n Social del H\u00e1bitat en Europa, a trav\u00e9s de reuniones regionales y la animaci\u00f3n de la red. &nbsp; h\u00e1bitat de colaboraci\u00f3n atrae a m\u00e1s y m\u00e1s atenci\u00f3n en toda Europa, ya que proporciona las respuestas a los desaf\u00edos relacionados con el d\u00e9ficit de vivienda asequible, [&hellip;]<\/p>","protected":false},"author":5,"featured_media":517,"comment_status":"open","ping_status":"open","sticky":false,"template":"","format":"standard","meta":{"footnotes":""},"categories":[97],"tags":[],"class_list":["post-1669","post","type-post","status-publish","format-standard","has-post-thumbnail","hentry","category-promocion-del-habitat-colaborativo"],"acf":[],"yoast_head":"<!-- This site is optimized with the Yoast SEO plugin v27.4 - https:\/\/yoast.com\/product\/yoast-seo-wordpress\/ -->\n<title>Concentrador de Europa : participativo de la vivienda en Europa - urbaMonde<\/title>\n<meta name=\"robots\" content=\"index, follow, max-snippet:-1, max-image-preview:large, max-video-preview:-1\" \/>\n<link rel=\"canonical\" href=\"https:\/\/urbamonde.org\/es\/concentrador-de-europa-participativo-de-la-vivienda-en-europa\/\" \/>\n<meta property=\"og:locale\" content=\"es_ES\" \/>\n<meta property=\"og:type\" content=\"article\" \/>\n<meta property=\"og:title\" content=\"Concentrador de Europa : participativo de la vivienda en Europa - urbaMonde\" \/>\n<meta property=\"og:description\" content=\"UrbaMonde promueve la creaci\u00f3n de redes de actores en la Producci\u00f3n Social del H\u00e1bitat en Europa, a trav\u00e9s de reuniones regionales y la animaci\u00f3n de la red. &nbsp; h\u00e1bitat de colaboraci\u00f3n atrae a m\u00e1s y m\u00e1s atenci\u00f3n en toda Europa, ya que proporciona las respuestas a los desaf\u00edos relacionados con el d\u00e9ficit de vivienda asequible, [&hellip;]\" \/>\n<meta property=\"og:url\" content=\"https:\/\/urbamonde.org\/es\/concentrador-de-europa-participativo-de-la-vivienda-en-europa\/\" \/>\n<meta property=\"og:site_name\" content=\"urbaMonde\" \/>\n<meta property=\"article:publisher\" content=\"https:\/\/www.facebook.com\/urbaMonde\/\" \/>\n<meta property=\"article:published_time\" content=\"2025-09-06T07:14:37+00:00\" \/>\n<meta property=\"og:image\" content=\"https:\/\/urbamonde.org\/wp-content\/uploads\/2024\/10\/hub-europe-habitat.jpg\" \/>\n\t<meta property=\"og:image:width\" content=\"1000\" \/>\n\t<meta property=\"og:image:height\" content=\"750\" \/>\n\t<meta property=\"og:image:type\" content=\"image\/jpeg\" \/>\n<meta name=\"author\" content=\"njato\" \/>\n<meta name=\"twitter:card\" content=\"summary_large_image\" \/>\n<meta name=\"twitter:label1\" content=\"Escrito por\" \/>\n\t<meta name=\"twitter:data1\" content=\"njato\" \/>\n\t<meta name=\"twitter:label2\" content=\"Tiempo de lectura\" \/>\n\t<meta name=\"twitter:data2\" content=\"6 minutos\" \/>\n<script type=\"application\/ld+json\" class=\"yoast-schema-graph\">{\"@context\":\"https:\\\/\\\/schema.org\",\"@graph\":[{\"@type\":\"Article\",\"@id\":\"https:\\\/\\\/urbamonde.org\\\/es\\\/concentrador-de-europa-participativo-de-la-vivienda-en-europa\\\/#article\",\"isPartOf\":{\"@id\":\"https:\\\/\\\/urbamonde.org\\\/es\\\/concentrador-de-europa-participativo-de-la-vivienda-en-europa\\\/\"},\"author\":{\"name\":\"njato\",\"@id\":\"https:\\\/\\\/urbamonde.org\\\/es\\\/#\\\/schema\\\/person\\\/d1fa8d0b4d40c7f1933d29ab86a485f5\"},\"headline\":\"Concentrador de Europa : participativo de la vivienda en Europa\",\"datePublished\":\"2025-09-06T07:14:37+00:00\",\"mainEntityOfPage\":{\"@id\":\"https:\\\/\\\/urbamonde.org\\\/es\\\/concentrador-de-europa-participativo-de-la-vivienda-en-europa\\\/\"},\"wordCount\":1266,\"commentCount\":0,\"publisher\":{\"@id\":\"https:\\\/\\\/urbamonde.org\\\/es\\\/#organization\"},\"image\":{\"@id\":\"https:\\\/\\\/urbamonde.org\\\/es\\\/concentrador-de-europa-participativo-de-la-vivienda-en-europa\\\/#primaryimage\"},\"thumbnailUrl\":\"https:\\\/\\\/urbamonde.org\\\/wp-content\\\/uploads\\\/2024\\\/10\\\/hub-europe-habitat.jpg\",\"articleSection\":[\"Promoci\u00f3n del h\u00e1bitat colaborativo\"],\"inLanguage\":\"es\",\"potentialAction\":[{\"@type\":\"CommentAction\",\"name\":\"Comment\",\"target\":[\"https:\\\/\\\/urbamonde.org\\\/es\\\/concentrador-de-europa-participativo-de-la-vivienda-en-europa\\\/#respond\"]}]},{\"@type\":\"WebPage\",\"@id\":\"https:\\\/\\\/urbamonde.org\\\/es\\\/concentrador-de-europa-participativo-de-la-vivienda-en-europa\\\/\",\"url\":\"https:\\\/\\\/urbamonde.org\\\/es\\\/concentrador-de-europa-participativo-de-la-vivienda-en-europa\\\/\",\"name\":\"Concentrador de Europa : participativo de la vivienda en Europa - urbaMonde\",\"isPartOf\":{\"@id\":\"https:\\\/\\\/urbamonde.org\\\/es\\\/#website\"},\"primaryImageOfPage\":{\"@id\":\"https:\\\/\\\/urbamonde.org\\\/es\\\/concentrador-de-europa-participativo-de-la-vivienda-en-europa\\\/#primaryimage\"},\"image\":{\"@id\":\"https:\\\/\\\/urbamonde.org\\\/es\\\/concentrador-de-europa-participativo-de-la-vivienda-en-europa\\\/#primaryimage\"},\"thumbnailUrl\":\"https:\\\/\\\/urbamonde.org\\\/wp-content\\\/uploads\\\/2024\\\/10\\\/hub-europe-habitat.jpg\",\"datePublished\":\"2025-09-06T07:14:37+00:00\",\"breadcrumb\":{\"@id\":\"https:\\\/\\\/urbamonde.org\\\/es\\\/concentrador-de-europa-participativo-de-la-vivienda-en-europa\\\/#breadcrumb\"},\"inLanguage\":\"es\",\"potentialAction\":[{\"@type\":\"ReadAction\",\"target\":[\"https:\\\/\\\/urbamonde.org\\\/es\\\/concentrador-de-europa-participativo-de-la-vivienda-en-europa\\\/\"]}]},{\"@type\":\"ImageObject\",\"inLanguage\":\"es\",\"@id\":\"https:\\\/\\\/urbamonde.org\\\/es\\\/concentrador-de-europa-participativo-de-la-vivienda-en-europa\\\/#primaryimage\",\"url\":\"https:\\\/\\\/urbamonde.org\\\/wp-content\\\/uploads\\\/2024\\\/10\\\/hub-europe-habitat.jpg\",\"contentUrl\":\"https:\\\/\\\/urbamonde.org\\\/wp-content\\\/uploads\\\/2024\\\/10\\\/hub-europe-habitat.jpg\",\"width\":1000,\"height\":750,\"caption\":\"cof\"},{\"@type\":\"BreadcrumbList\",\"@id\":\"https:\\\/\\\/urbamonde.org\\\/es\\\/concentrador-de-europa-participativo-de-la-vivienda-en-europa\\\/#breadcrumb\",\"itemListElement\":[{\"@type\":\"ListItem\",\"position\":1,\"name\":\"Accueil\",\"item\":\"https:\\\/\\\/urbamonde.org\\\/es\\\/\"},{\"@type\":\"ListItem\",\"position\":2,\"name\":\"Concentrador de Europa : participativo de la vivienda en Europa\"}]},{\"@type\":\"WebSite\",\"@id\":\"https:\\\/\\\/urbamonde.org\\\/es\\\/#website\",\"url\":\"https:\\\/\\\/urbamonde.org\\\/es\\\/\",\"name\":\"urbaMonde\",\"description\":\"des villes durables par et pour les habitant\u00b7es\",\"publisher\":{\"@id\":\"https:\\\/\\\/urbamonde.org\\\/es\\\/#organization\"},\"potentialAction\":[{\"@type\":\"SearchAction\",\"target\":{\"@type\":\"EntryPoint\",\"urlTemplate\":\"https:\\\/\\\/urbamonde.org\\\/es\\\/?s={search_term_string}\"},\"query-input\":{\"@type\":\"PropertyValueSpecification\",\"valueRequired\":true,\"valueName\":\"search_term_string\"}}],\"inLanguage\":\"es\"},{\"@type\":\"Organization\",\"@id\":\"https:\\\/\\\/urbamonde.org\\\/es\\\/#organization\",\"name\":\"urbaMonde\",\"url\":\"https:\\\/\\\/urbamonde.org\\\/es\\\/\",\"logo\":{\"@type\":\"ImageObject\",\"inLanguage\":\"es\",\"@id\":\"https:\\\/\\\/urbamonde.org\\\/es\\\/#\\\/schema\\\/logo\\\/image\\\/\",\"url\":\"https:\\\/\\\/urbamonde.org\\\/wp-content\\\/uploads\\\/2024\\\/10\\\/logo-urbamonde-fr.png\",\"contentUrl\":\"https:\\\/\\\/urbamonde.org\\\/wp-content\\\/uploads\\\/2024\\\/10\\\/logo-urbamonde-fr.png\",\"width\":271,\"height\":65,\"caption\":\"urbaMonde\"},\"image\":{\"@id\":\"https:\\\/\\\/urbamonde.org\\\/es\\\/#\\\/schema\\\/logo\\\/image\\\/\"},\"sameAs\":[\"https:\\\/\\\/www.facebook.com\\\/urbaMonde\\\/\",\"https:\\\/\\\/www.linkedin.com\\\/company\\\/urbamonde\",\"https:\\\/\\\/www.instagram.com\\\/urba.monde\\\/\"]},{\"@type\":\"Person\",\"@id\":\"https:\\\/\\\/urbamonde.org\\\/es\\\/#\\\/schema\\\/person\\\/d1fa8d0b4d40c7f1933d29ab86a485f5\",\"name\":\"njato\",\"image\":{\"@type\":\"ImageObject\",\"inLanguage\":\"es\",\"@id\":\"https:\\\/\\\/secure.gravatar.com\\\/avatar\\\/fb7975e14d19cd4d63178b531e1a3e74cc198f3ac6d3e7d44f7b0d7871bcc97b?s=96&d=mm&r=g\",\"url\":\"https:\\\/\\\/secure.gravatar.com\\\/avatar\\\/fb7975e14d19cd4d63178b531e1a3e74cc198f3ac6d3e7d44f7b0d7871bcc97b?s=96&d=mm&r=g\",\"contentUrl\":\"https:\\\/\\\/secure.gravatar.com\\\/avatar\\\/fb7975e14d19cd4d63178b531e1a3e74cc198f3ac6d3e7d44f7b0d7871bcc97b?s=96&d=mm&r=g\",\"caption\":\"njato\"},\"url\":\"https:\\\/\\\/urbamonde.org\\\/es\\\/author\\\/njato\\\/\"}]}<\/script>\n<!-- \/ Yoast SEO plugin. -->","yoast_head_json":{"title":"Concentrador de Europa : participativo de la vivienda en Europa - urbaMonde","robots":{"index":"index","follow":"follow","max-snippet":"max-snippet:-1","max-image-preview":"max-image-preview:large","max-video-preview":"max-video-preview:-1"},"canonical":"https:\/\/urbamonde.org\/es\/concentrador-de-europa-participativo-de-la-vivienda-en-europa\/","og_locale":"es_ES","og_type":"article","og_title":"Concentrador de Europa : participativo de la vivienda en Europa - urbaMonde","og_description":"UrbaMonde promueve la creaci\u00f3n de redes de actores en la Producci\u00f3n Social del H\u00e1bitat en Europa, a trav\u00e9s de reuniones regionales y la animaci\u00f3n de la red. &nbsp; h\u00e1bitat de colaboraci\u00f3n atrae a m\u00e1s y m\u00e1s atenci\u00f3n en toda Europa, ya que proporciona las respuestas a los desaf\u00edos relacionados con el d\u00e9ficit de vivienda asequible, [&hellip;]","og_url":"https:\/\/urbamonde.org\/es\/concentrador-de-europa-participativo-de-la-vivienda-en-europa\/","og_site_name":"urbaMonde","article_publisher":"https:\/\/www.facebook.com\/urbaMonde\/","article_published_time":"2025-09-06T07:14:37+00:00","og_image":[{"width":1000,"height":750,"url":"https:\/\/urbamonde.org\/wp-content\/uploads\/2024\/10\/hub-europe-habitat.jpg","type":"image\/jpeg"}],"author":"njato","twitter_card":"summary_large_image","twitter_misc":{"Escrito por":"njato","Tiempo de lectura":"6 minutos"},"schema":{"@context":"https:\/\/schema.org","@graph":[{"@type":"Article","@id":"https:\/\/urbamonde.org\/es\/concentrador-de-europa-participativo-de-la-vivienda-en-europa\/#article","isPartOf":{"@id":"https:\/\/urbamonde.org\/es\/concentrador-de-europa-participativo-de-la-vivienda-en-europa\/"},"author":{"name":"njato","@id":"https:\/\/urbamonde.org\/es\/#\/schema\/person\/d1fa8d0b4d40c7f1933d29ab86a485f5"},"headline":"Concentrador de Europa : participativo de la vivienda en Europa","datePublished":"2025-09-06T07:14:37+00:00","mainEntityOfPage":{"@id":"https:\/\/urbamonde.org\/es\/concentrador-de-europa-participativo-de-la-vivienda-en-europa\/"},"wordCount":1266,"commentCount":0,"publisher":{"@id":"https:\/\/urbamonde.org\/es\/#organization"},"image":{"@id":"https:\/\/urbamonde.org\/es\/concentrador-de-europa-participativo-de-la-vivienda-en-europa\/#primaryimage"},"thumbnailUrl":"https:\/\/urbamonde.org\/wp-content\/uploads\/2024\/10\/hub-europe-habitat.jpg","articleSection":["Promoci\u00f3n del h\u00e1bitat colaborativo"],"inLanguage":"es","potentialAction":[{"@type":"CommentAction","name":"Comment","target":["https:\/\/urbamonde.org\/es\/concentrador-de-europa-participativo-de-la-vivienda-en-europa\/#respond"]}]},{"@type":"WebPage","@id":"https:\/\/urbamonde.org\/es\/concentrador-de-europa-participativo-de-la-vivienda-en-europa\/","url":"https:\/\/urbamonde.org\/es\/concentrador-de-europa-participativo-de-la-vivienda-en-europa\/","name":"Concentrador de Europa : participativo de la vivienda en Europa - urbaMonde","isPartOf":{"@id":"https:\/\/urbamonde.org\/es\/#website"},"primaryImageOfPage":{"@id":"https:\/\/urbamonde.org\/es\/concentrador-de-europa-participativo-de-la-vivienda-en-europa\/#primaryimage"},"image":{"@id":"https:\/\/urbamonde.org\/es\/concentrador-de-europa-participativo-de-la-vivienda-en-europa\/#primaryimage"},"thumbnailUrl":"https:\/\/urbamonde.org\/wp-content\/uploads\/2024\/10\/hub-europe-habitat.jpg","datePublished":"2025-09-06T07:14:37+00:00","breadcrumb":{"@id":"https:\/\/urbamonde.org\/es\/concentrador-de-europa-participativo-de-la-vivienda-en-europa\/#breadcrumb"},"inLanguage":"es","potentialAction":[{"@type":"ReadAction","target":["https:\/\/urbamonde.org\/es\/concentrador-de-europa-participativo-de-la-vivienda-en-europa\/"]}]},{"@type":"ImageObject","inLanguage":"es","@id":"https:\/\/urbamonde.org\/es\/concentrador-de-europa-participativo-de-la-vivienda-en-europa\/#primaryimage","url":"https:\/\/urbamonde.org\/wp-content\/uploads\/2024\/10\/hub-europe-habitat.jpg","contentUrl":"https:\/\/urbamonde.org\/wp-content\/uploads\/2024\/10\/hub-europe-habitat.jpg","width":1000,"height":750,"caption":"cof"},{"@type":"BreadcrumbList","@id":"https:\/\/urbamonde.org\/es\/concentrador-de-europa-participativo-de-la-vivienda-en-europa\/#breadcrumb","itemListElement":[{"@type":"ListItem","position":1,"name":"Accueil","item":"https:\/\/urbamonde.org\/es\/"},{"@type":"ListItem","position":2,"name":"Concentrador de Europa : participativo de la vivienda en Europa"}]},{"@type":"WebSite","@id":"https:\/\/urbamonde.org\/es\/#website","url":"https:\/\/urbamonde.org\/es\/","name":"urbaMonde","description":"des villes durables par et pour les habitant\u00b7es","publisher":{"@id":"https:\/\/urbamonde.org\/es\/#organization"},"potentialAction":[{"@type":"SearchAction","target":{"@type":"EntryPoint","urlTemplate":"https:\/\/urbamonde.org\/es\/?s={search_term_string}"},"query-input":{"@type":"PropertyValueSpecification","valueRequired":true,"valueName":"search_term_string"}}],"inLanguage":"es"},{"@type":"Organization","@id":"https:\/\/urbamonde.org\/es\/#organization","name":"urbaMonde","url":"https:\/\/urbamonde.org\/es\/","logo":{"@type":"ImageObject","inLanguage":"es","@id":"https:\/\/urbamonde.org\/es\/#\/schema\/logo\/image\/","url":"https:\/\/urbamonde.org\/wp-content\/uploads\/2024\/10\/logo-urbamonde-fr.png","contentUrl":"https:\/\/urbamonde.org\/wp-content\/uploads\/2024\/10\/logo-urbamonde-fr.png","width":271,"height":65,"caption":"urbaMonde"},"image":{"@id":"https:\/\/urbamonde.org\/es\/#\/schema\/logo\/image\/"},"sameAs":["https:\/\/www.facebook.com\/urbaMonde\/","https:\/\/www.linkedin.com\/company\/urbamonde","https:\/\/www.instagram.com\/urba.monde\/"]},{"@type":"Person","@id":"https:\/\/urbamonde.org\/es\/#\/schema\/person\/d1fa8d0b4d40c7f1933d29ab86a485f5","name":"njato","image":{"@type":"ImageObject","inLanguage":"es","@id":"https:\/\/secure.gravatar.com\/avatar\/fb7975e14d19cd4d63178b531e1a3e74cc198f3ac6d3e7d44f7b0d7871bcc97b?s=96&d=mm&r=g","url":"https:\/\/secure.gravatar.com\/avatar\/fb7975e14d19cd4d63178b531e1a3e74cc198f3ac6d3e7d44f7b0d7871bcc97b?s=96&d=mm&r=g","contentUrl":"https:\/\/secure.gravatar.com\/avatar\/fb7975e14d19cd4d63178b531e1a3e74cc198f3ac6d3e7d44f7b0d7871bcc97b?s=96&d=mm&r=g","caption":"njato"},"url":"https:\/\/urbamonde.org\/es\/author\/njato\/"}]}},"_links":{"self":[{"href":"https:\/\/urbamonde.org\/es\/wp-json\/wp\/v2\/posts\/1669","targetHints":{"allow":["GET"]}}],"collection":[{"href":"https:\/\/urbamonde.org\/es\/wp-json\/wp\/v2\/posts"}],"about":[{"href":"https:\/\/urbamonde.org\/es\/wp-json\/wp\/v2\/types\/post"}],"author":[{"embeddable":true,"href":"https:\/\/urbamonde.org\/es\/wp-json\/wp\/v2\/users\/5"}],"replies":[{"embeddable":true,"href":"https:\/\/urbamonde.org\/es\/wp-json\/wp\/v2\/comments?post=1669"}],"version-history":[{"count":2,"href":"https:\/\/urbamonde.org\/es\/wp-json\/wp\/v2\/posts\/1669\/revisions"}],"predecessor-version":[{"id":1868,"href":"https:\/\/urbamonde.org\/es\/wp-json\/wp\/v2\/posts\/1669\/revisions\/1868"}],"wp:featuredmedia":[{"embeddable":true,"href":"https:\/\/urbamonde.org\/es\/wp-json\/wp\/v2\/media\/517"}],"wp:attachment":[{"href":"https:\/\/urbamonde.org\/es\/wp-json\/wp\/v2\/media?parent=1669"}],"wp:term":[{"taxonomy":"category","embeddable":true,"href":"https:\/\/urbamonde.org\/es\/wp-json\/wp\/v2\/categories?post=1669"},{"taxonomy":"post_tag","embeddable":true,"href":"https:\/\/urbamonde.org\/es\/wp-json\/wp\/v2\/tags?post=1669"}],"curies":[{"name":"wp","href":"https:\/\/api.w.org\/{rel}","templated":true}]}}