{"id":1715,"date":"2025-09-14T08:30:53","date_gmt":"2025-09-14T06:30:53","guid":{"rendered":"https:\/\/preview.urbamonde.org\/?p=1715"},"modified":"2025-01-23T12:12:59","modified_gmt":"2025-01-23T11:12:59","slug":"fortalecimiento-del-poder-de-actuacion-de-las-comunidades-en-las-iniciativas-de-habitat-participativo","status":"publish","type":"post","link":"https:\/\/urbamonde.org\/es\/fortalecimiento-del-poder-de-actuacion-de-las-comunidades-en-las-iniciativas-de-habitat-participativo\/","title":{"rendered":"Fortalecimiento del poder de actuaci\u00f3n de las comunidades en las iniciativas de h\u00e1bitat participativo"},"content":{"rendered":"<h2 class=\"spip\">Descubre el poder de las iniciativas de transformaci\u00f3n de h\u00e1bitat participativo en \u00c1frica, Asia y Am\u00e9rica latina, en nuestra nueva publicaci\u00f3n.<\/h2>\n<p>&nbsp;<\/p>\n<p><strong>Esta publicaci\u00f3n ofrece a los lectores una visi\u00f3n inspiradora de las soluciones puestas en marcha por las comunidades y sus socios de apoyo a la creaci\u00f3n de condiciones favorables para la realizaci\u00f3n de sus proyectos participativos de vivienda. Arroja luz sobre los retos y las estrategias relacionadas con la participaci\u00f3n activa y el residente de larga duraci\u00f3n\u00b7es, para el fortalecimiento de sus capacidades, su colectivo de la organizaci\u00f3n y crear un sentimiento de pertenencia.<\/strong><\/p>\n<p>H\u00e1bitat participativo aparece cada vez m\u00e1s como una soluci\u00f3n eficiente para garantizar el derecho a la vivienda, especialmente para los hogares de bajos ingresos que viven en condiciones precarias y a menudo informales en las ciudades y en las grandes \u00e1reas urbanas. De hecho, los modelos de participaci\u00f3n de la vivienda, tales como cooperativas de vivienda, la Tierra de la Comunidad Trust (Clt) o grupos de ahorro formado por el habitante\u00b7es &#8211; no se dirige s\u00f3lo a la sist\u00e9mica problema de la asequibilidad y la falta de vivienda, sino que tambi\u00e9n ofrecen la posibilidad de reclamar nuestros derechos como ciudadano\u00b7nes, para recuperar el control de nuestros espacios de vida y com\u00fan a reinventar la forma de vivir juntos. Los enfoques participativos y el concepto de propiedad colectiva que caracterizan a estos modelos en lugar de los habitantes en el centro de la planificaci\u00f3n, la producci\u00f3n y la gesti\u00f3n de su h\u00e1bitat. En el caso de las comunidades de bajos ingresos del Sur, cuyos derechos humanos fundamentales son violados en muchos sentidos, que les permite organizar, fortalecer sus habilidades y tomar su futuro en sus manos, mientras responder de manera creativa y adecuada a sus necesidades.<\/p>\n<p>Sobre los cap\u00edtulos, usted descubrir\u00e1 el inspirador de las experiencias de las cinco organizaciones, tan diversos como los contextos en los que operan. A pesar de sus diferencias, todos ellos est\u00e1n motivados por el mismo objetivo&nbsp;: garantizar el derecho a una vivienda adecuada para las comunidades de bajos ingresos. Todos ellos buscan desarrollar las pr\u00e1cticas participativas, que fortalecen a las comunidades, y el resultado en un cambio profundo en nuestras pr\u00e1cticas individualistas. Y todos ellos son enfrentan a retos que son muy similares.<\/p>\n<p>Esta publicaci\u00f3n es el resultado de un proceso de sistematizaci\u00f3n llevado por urbaMonde y sus socios locales urbaSEN, la Coalici\u00f3n asi\u00e1tica para el derecho a la vivienda (CADH), Catalizador de las Comunidades (Comcatz) y la Escuela nacional de la Federaci\u00f3n uruguaya de cooperativas de vivienda, de auto-ayuda (FUCVAM). El caso presentado es un testimonio que ilustra el incre\u00edble compromiso de estas organizaciones y comunidades para un mundo m\u00e1s justo. Tambi\u00e9n es un documento de referencia, dise\u00f1ada para fomentar una reflexi\u00f3n cr\u00edtica permanente, con el fin de mejorar constantemente nuestras pr\u00e1cticas.<\/p>\n<p>\u25b6&nbsp;<strong><a class=\"spip_in\" href=\"https:\/\/urbamonde.org\/IMG\/pdf\/casestudy2024-v6_final.pdf\" type=\"application\/pdf\">Descargar el estudio completo est\u00e1 aqu\u00ed<\/a><\/strong>&nbsp;(en ingl\u00e9s, PDF 9 MB)<\/p>","protected":false},"excerpt":{"rendered":"<p>Descubre el poder de las iniciativas de transformaci\u00f3n de h\u00e1bitat participativo en \u00c1frica, Asia y Am\u00e9rica latina, en nuestra nueva publicaci\u00f3n. &nbsp; Esta publicaci\u00f3n ofrece a los lectores una visi\u00f3n inspiradora de las soluciones puestas en marcha por las comunidades y sus socios de apoyo a la creaci\u00f3n de condiciones favorables para la realizaci\u00f3n de [&hellip;]<\/p>","protected":false},"author":5,"featured_media":496,"comment_status":"open","ping_status":"open","sticky":false,"template":"","format":"standard","meta":{"footnotes":""},"categories":[89],"tags":[],"class_list":["post-1715","post","type-post","status-publish","format-standard","has-post-thumbnail","hentry","category-documentacion"],"acf":[],"yoast_head":"<!-- This site is optimized with the Yoast SEO plugin v27.4 - https:\/\/yoast.com\/product\/yoast-seo-wordpress\/ -->\n<title>Fortalecimiento del poder de actuaci\u00f3n de las comunidades en las iniciativas de h\u00e1bitat participativo - urbaMonde<\/title>\n<meta name=\"robots\" content=\"index, follow, max-snippet:-1, max-image-preview:large, max-video-preview:-1\" \/>\n<link rel=\"canonical\" href=\"https:\/\/urbamonde.org\/es\/fortalecimiento-del-poder-de-actuacion-de-las-comunidades-en-las-iniciativas-de-habitat-participativo\/\" \/>\n<meta property=\"og:locale\" content=\"es_ES\" \/>\n<meta property=\"og:type\" content=\"article\" \/>\n<meta property=\"og:title\" content=\"Fortalecimiento del poder de actuaci\u00f3n de las comunidades en las iniciativas de h\u00e1bitat participativo - urbaMonde\" \/>\n<meta property=\"og:description\" content=\"Descubre el poder de las iniciativas de transformaci\u00f3n de h\u00e1bitat participativo en \u00c1frica, Asia y Am\u00e9rica latina, en nuestra nueva publicaci\u00f3n. &nbsp; Esta publicaci\u00f3n ofrece a los lectores una visi\u00f3n inspiradora de las soluciones puestas en marcha por las comunidades y sus socios de apoyo a la creaci\u00f3n de condiciones favorables para la realizaci\u00f3n de [&hellip;]\" \/>\n<meta property=\"og:url\" content=\"https:\/\/urbamonde.org\/es\/fortalecimiento-del-poder-de-actuacion-de-las-comunidades-en-las-iniciativas-de-habitat-participativo\/\" \/>\n<meta property=\"og:site_name\" content=\"urbaMonde\" \/>\n<meta property=\"article:publisher\" content=\"https:\/\/www.facebook.com\/urbaMonde\/\" \/>\n<meta property=\"article:published_time\" content=\"2025-09-14T06:30:53+00:00\" \/>\n<meta property=\"og:image\" content=\"https:\/\/urbamonde.org\/wp-content\/uploads\/2024\/10\/telechargement-1.png\" \/>\n\t<meta property=\"og:image:width\" content=\"1200\" \/>\n\t<meta property=\"og:image:height\" content=\"760\" \/>\n\t<meta property=\"og:image:type\" content=\"image\/png\" \/>\n<meta name=\"author\" content=\"njato\" \/>\n<meta name=\"twitter:card\" content=\"summary_large_image\" \/>\n<meta name=\"twitter:label1\" content=\"Escrito por\" \/>\n\t<meta name=\"twitter:data1\" content=\"njato\" \/>\n\t<meta name=\"twitter:label2\" content=\"Tiempo de lectura\" \/>\n\t<meta name=\"twitter:data2\" content=\"3 minutos\" \/>\n<script type=\"application\/ld+json\" class=\"yoast-schema-graph\">{\"@context\":\"https:\\\/\\\/schema.org\",\"@graph\":[{\"@type\":\"Article\",\"@id\":\"https:\\\/\\\/urbamonde.org\\\/es\\\/fortalecimiento-del-poder-de-actuacion-de-las-comunidades-en-las-iniciativas-de-habitat-participativo\\\/#article\",\"isPartOf\":{\"@id\":\"https:\\\/\\\/urbamonde.org\\\/es\\\/fortalecimiento-del-poder-de-actuacion-de-las-comunidades-en-las-iniciativas-de-habitat-participativo\\\/\"},\"author\":{\"name\":\"njato\",\"@id\":\"https:\\\/\\\/urbamonde.org\\\/es\\\/#\\\/schema\\\/person\\\/d1fa8d0b4d40c7f1933d29ab86a485f5\"},\"headline\":\"Fortalecimiento del poder de actuaci\u00f3n de las comunidades en las iniciativas de h\u00e1bitat participativo\",\"datePublished\":\"2025-09-14T06:30:53+00:00\",\"mainEntityOfPage\":{\"@id\":\"https:\\\/\\\/urbamonde.org\\\/es\\\/fortalecimiento-del-poder-de-actuacion-de-las-comunidades-en-las-iniciativas-de-habitat-participativo\\\/\"},\"wordCount\":536,\"commentCount\":0,\"publisher\":{\"@id\":\"https:\\\/\\\/urbamonde.org\\\/es\\\/#organization\"},\"image\":{\"@id\":\"https:\\\/\\\/urbamonde.org\\\/es\\\/fortalecimiento-del-poder-de-actuacion-de-las-comunidades-en-las-iniciativas-de-habitat-participativo\\\/#primaryimage\"},\"thumbnailUrl\":\"https:\\\/\\\/urbamonde.org\\\/wp-content\\\/uploads\\\/2024\\\/10\\\/telechargement-1.png\",\"articleSection\":[\"Documentaci\u00f3n\"],\"inLanguage\":\"es\",\"potentialAction\":[{\"@type\":\"CommentAction\",\"name\":\"Comment\",\"target\":[\"https:\\\/\\\/urbamonde.org\\\/es\\\/fortalecimiento-del-poder-de-actuacion-de-las-comunidades-en-las-iniciativas-de-habitat-participativo\\\/#respond\"]}]},{\"@type\":\"WebPage\",\"@id\":\"https:\\\/\\\/urbamonde.org\\\/es\\\/fortalecimiento-del-poder-de-actuacion-de-las-comunidades-en-las-iniciativas-de-habitat-participativo\\\/\",\"url\":\"https:\\\/\\\/urbamonde.org\\\/es\\\/fortalecimiento-del-poder-de-actuacion-de-las-comunidades-en-las-iniciativas-de-habitat-participativo\\\/\",\"name\":\"Fortalecimiento del poder de actuaci\u00f3n de las comunidades en las iniciativas de h\u00e1bitat participativo - urbaMonde\",\"isPartOf\":{\"@id\":\"https:\\\/\\\/urbamonde.org\\\/es\\\/#website\"},\"primaryImageOfPage\":{\"@id\":\"https:\\\/\\\/urbamonde.org\\\/es\\\/fortalecimiento-del-poder-de-actuacion-de-las-comunidades-en-las-iniciativas-de-habitat-participativo\\\/#primaryimage\"},\"image\":{\"@id\":\"https:\\\/\\\/urbamonde.org\\\/es\\\/fortalecimiento-del-poder-de-actuacion-de-las-comunidades-en-las-iniciativas-de-habitat-participativo\\\/#primaryimage\"},\"thumbnailUrl\":\"https:\\\/\\\/urbamonde.org\\\/wp-content\\\/uploads\\\/2024\\\/10\\\/telechargement-1.png\",\"datePublished\":\"2025-09-14T06:30:53+00:00\",\"breadcrumb\":{\"@id\":\"https:\\\/\\\/urbamonde.org\\\/es\\\/fortalecimiento-del-poder-de-actuacion-de-las-comunidades-en-las-iniciativas-de-habitat-participativo\\\/#breadcrumb\"},\"inLanguage\":\"es\",\"potentialAction\":[{\"@type\":\"ReadAction\",\"target\":[\"https:\\\/\\\/urbamonde.org\\\/es\\\/fortalecimiento-del-poder-de-actuacion-de-las-comunidades-en-las-iniciativas-de-habitat-participativo\\\/\"]}]},{\"@type\":\"ImageObject\",\"inLanguage\":\"es\",\"@id\":\"https:\\\/\\\/urbamonde.org\\\/es\\\/fortalecimiento-del-poder-de-actuacion-de-las-comunidades-en-las-iniciativas-de-habitat-participativo\\\/#primaryimage\",\"url\":\"https:\\\/\\\/urbamonde.org\\\/wp-content\\\/uploads\\\/2024\\\/10\\\/telechargement-1.png\",\"contentUrl\":\"https:\\\/\\\/urbamonde.org\\\/wp-content\\\/uploads\\\/2024\\\/10\\\/telechargement-1.png\",\"width\":1200,\"height\":760},{\"@type\":\"BreadcrumbList\",\"@id\":\"https:\\\/\\\/urbamonde.org\\\/es\\\/fortalecimiento-del-poder-de-actuacion-de-las-comunidades-en-las-iniciativas-de-habitat-participativo\\\/#breadcrumb\",\"itemListElement\":[{\"@type\":\"ListItem\",\"position\":1,\"name\":\"Accueil\",\"item\":\"https:\\\/\\\/urbamonde.org\\\/es\\\/\"},{\"@type\":\"ListItem\",\"position\":2,\"name\":\"Fortalecimiento del poder de actuaci\u00f3n de las comunidades en las iniciativas de h\u00e1bitat participativo\"}]},{\"@type\":\"WebSite\",\"@id\":\"https:\\\/\\\/urbamonde.org\\\/es\\\/#website\",\"url\":\"https:\\\/\\\/urbamonde.org\\\/es\\\/\",\"name\":\"urbaMonde\",\"description\":\"des villes durables par et pour les habitant\u00b7es\",\"publisher\":{\"@id\":\"https:\\\/\\\/urbamonde.org\\\/es\\\/#organization\"},\"potentialAction\":[{\"@type\":\"SearchAction\",\"target\":{\"@type\":\"EntryPoint\",\"urlTemplate\":\"https:\\\/\\\/urbamonde.org\\\/es\\\/?s={search_term_string}\"},\"query-input\":{\"@type\":\"PropertyValueSpecification\",\"valueRequired\":true,\"valueName\":\"search_term_string\"}}],\"inLanguage\":\"es\"},{\"@type\":\"Organization\",\"@id\":\"https:\\\/\\\/urbamonde.org\\\/es\\\/#organization\",\"name\":\"urbaMonde\",\"url\":\"https:\\\/\\\/urbamonde.org\\\/es\\\/\",\"logo\":{\"@type\":\"ImageObject\",\"inLanguage\":\"es\",\"@id\":\"https:\\\/\\\/urbamonde.org\\\/es\\\/#\\\/schema\\\/logo\\\/image\\\/\",\"url\":\"https:\\\/\\\/urbamonde.org\\\/wp-content\\\/uploads\\\/2024\\\/10\\\/logo-urbamonde-fr.png\",\"contentUrl\":\"https:\\\/\\\/urbamonde.org\\\/wp-content\\\/uploads\\\/2024\\\/10\\\/logo-urbamonde-fr.png\",\"width\":271,\"height\":65,\"caption\":\"urbaMonde\"},\"image\":{\"@id\":\"https:\\\/\\\/urbamonde.org\\\/es\\\/#\\\/schema\\\/logo\\\/image\\\/\"},\"sameAs\":[\"https:\\\/\\\/www.facebook.com\\\/urbaMonde\\\/\",\"https:\\\/\\\/www.linkedin.com\\\/company\\\/urbamonde\",\"https:\\\/\\\/www.instagram.com\\\/urba.monde\\\/\"]},{\"@type\":\"Person\",\"@id\":\"https:\\\/\\\/urbamonde.org\\\/es\\\/#\\\/schema\\\/person\\\/d1fa8d0b4d40c7f1933d29ab86a485f5\",\"name\":\"njato\",\"image\":{\"@type\":\"ImageObject\",\"inLanguage\":\"es\",\"@id\":\"https:\\\/\\\/secure.gravatar.com\\\/avatar\\\/fb7975e14d19cd4d63178b531e1a3e74cc198f3ac6d3e7d44f7b0d7871bcc97b?s=96&d=mm&r=g\",\"url\":\"https:\\\/\\\/secure.gravatar.com\\\/avatar\\\/fb7975e14d19cd4d63178b531e1a3e74cc198f3ac6d3e7d44f7b0d7871bcc97b?s=96&d=mm&r=g\",\"contentUrl\":\"https:\\\/\\\/secure.gravatar.com\\\/avatar\\\/fb7975e14d19cd4d63178b531e1a3e74cc198f3ac6d3e7d44f7b0d7871bcc97b?s=96&d=mm&r=g\",\"caption\":\"njato\"},\"url\":\"https:\\\/\\\/urbamonde.org\\\/es\\\/author\\\/njato\\\/\"}]}<\/script>\n<!-- \/ Yoast SEO plugin. -->","yoast_head_json":{"title":"Fortalecimiento del poder de actuaci\u00f3n de las comunidades en las iniciativas de h\u00e1bitat participativo - urbaMonde","robots":{"index":"index","follow":"follow","max-snippet":"max-snippet:-1","max-image-preview":"max-image-preview:large","max-video-preview":"max-video-preview:-1"},"canonical":"https:\/\/urbamonde.org\/es\/fortalecimiento-del-poder-de-actuacion-de-las-comunidades-en-las-iniciativas-de-habitat-participativo\/","og_locale":"es_ES","og_type":"article","og_title":"Fortalecimiento del poder de actuaci\u00f3n de las comunidades en las iniciativas de h\u00e1bitat participativo - urbaMonde","og_description":"Descubre el poder de las iniciativas de transformaci\u00f3n de h\u00e1bitat participativo en \u00c1frica, Asia y Am\u00e9rica latina, en nuestra nueva publicaci\u00f3n. &nbsp; Esta publicaci\u00f3n ofrece a los lectores una visi\u00f3n inspiradora de las soluciones puestas en marcha por las comunidades y sus socios de apoyo a la creaci\u00f3n de condiciones favorables para la realizaci\u00f3n de [&hellip;]","og_url":"https:\/\/urbamonde.org\/es\/fortalecimiento-del-poder-de-actuacion-de-las-comunidades-en-las-iniciativas-de-habitat-participativo\/","og_site_name":"urbaMonde","article_publisher":"https:\/\/www.facebook.com\/urbaMonde\/","article_published_time":"2025-09-14T06:30:53+00:00","og_image":[{"width":1200,"height":760,"url":"https:\/\/urbamonde.org\/wp-content\/uploads\/2024\/10\/telechargement-1.png","type":"image\/png"}],"author":"njato","twitter_card":"summary_large_image","twitter_misc":{"Escrito por":"njato","Tiempo de lectura":"3 minutos"},"schema":{"@context":"https:\/\/schema.org","@graph":[{"@type":"Article","@id":"https:\/\/urbamonde.org\/es\/fortalecimiento-del-poder-de-actuacion-de-las-comunidades-en-las-iniciativas-de-habitat-participativo\/#article","isPartOf":{"@id":"https:\/\/urbamonde.org\/es\/fortalecimiento-del-poder-de-actuacion-de-las-comunidades-en-las-iniciativas-de-habitat-participativo\/"},"author":{"name":"njato","@id":"https:\/\/urbamonde.org\/es\/#\/schema\/person\/d1fa8d0b4d40c7f1933d29ab86a485f5"},"headline":"Fortalecimiento del poder de actuaci\u00f3n de las comunidades en las iniciativas de h\u00e1bitat participativo","datePublished":"2025-09-14T06:30:53+00:00","mainEntityOfPage":{"@id":"https:\/\/urbamonde.org\/es\/fortalecimiento-del-poder-de-actuacion-de-las-comunidades-en-las-iniciativas-de-habitat-participativo\/"},"wordCount":536,"commentCount":0,"publisher":{"@id":"https:\/\/urbamonde.org\/es\/#organization"},"image":{"@id":"https:\/\/urbamonde.org\/es\/fortalecimiento-del-poder-de-actuacion-de-las-comunidades-en-las-iniciativas-de-habitat-participativo\/#primaryimage"},"thumbnailUrl":"https:\/\/urbamonde.org\/wp-content\/uploads\/2024\/10\/telechargement-1.png","articleSection":["Documentaci\u00f3n"],"inLanguage":"es","potentialAction":[{"@type":"CommentAction","name":"Comment","target":["https:\/\/urbamonde.org\/es\/fortalecimiento-del-poder-de-actuacion-de-las-comunidades-en-las-iniciativas-de-habitat-participativo\/#respond"]}]},{"@type":"WebPage","@id":"https:\/\/urbamonde.org\/es\/fortalecimiento-del-poder-de-actuacion-de-las-comunidades-en-las-iniciativas-de-habitat-participativo\/","url":"https:\/\/urbamonde.org\/es\/fortalecimiento-del-poder-de-actuacion-de-las-comunidades-en-las-iniciativas-de-habitat-participativo\/","name":"Fortalecimiento del poder de actuaci\u00f3n de las comunidades en las iniciativas de h\u00e1bitat participativo - urbaMonde","isPartOf":{"@id":"https:\/\/urbamonde.org\/es\/#website"},"primaryImageOfPage":{"@id":"https:\/\/urbamonde.org\/es\/fortalecimiento-del-poder-de-actuacion-de-las-comunidades-en-las-iniciativas-de-habitat-participativo\/#primaryimage"},"image":{"@id":"https:\/\/urbamonde.org\/es\/fortalecimiento-del-poder-de-actuacion-de-las-comunidades-en-las-iniciativas-de-habitat-participativo\/#primaryimage"},"thumbnailUrl":"https:\/\/urbamonde.org\/wp-content\/uploads\/2024\/10\/telechargement-1.png","datePublished":"2025-09-14T06:30:53+00:00","breadcrumb":{"@id":"https:\/\/urbamonde.org\/es\/fortalecimiento-del-poder-de-actuacion-de-las-comunidades-en-las-iniciativas-de-habitat-participativo\/#breadcrumb"},"inLanguage":"es","potentialAction":[{"@type":"ReadAction","target":["https:\/\/urbamonde.org\/es\/fortalecimiento-del-poder-de-actuacion-de-las-comunidades-en-las-iniciativas-de-habitat-participativo\/"]}]},{"@type":"ImageObject","inLanguage":"es","@id":"https:\/\/urbamonde.org\/es\/fortalecimiento-del-poder-de-actuacion-de-las-comunidades-en-las-iniciativas-de-habitat-participativo\/#primaryimage","url":"https:\/\/urbamonde.org\/wp-content\/uploads\/2024\/10\/telechargement-1.png","contentUrl":"https:\/\/urbamonde.org\/wp-content\/uploads\/2024\/10\/telechargement-1.png","width":1200,"height":760},{"@type":"BreadcrumbList","@id":"https:\/\/urbamonde.org\/es\/fortalecimiento-del-poder-de-actuacion-de-las-comunidades-en-las-iniciativas-de-habitat-participativo\/#breadcrumb","itemListElement":[{"@type":"ListItem","position":1,"name":"Accueil","item":"https:\/\/urbamonde.org\/es\/"},{"@type":"ListItem","position":2,"name":"Fortalecimiento del poder de actuaci\u00f3n de las comunidades en las iniciativas de h\u00e1bitat participativo"}]},{"@type":"WebSite","@id":"https:\/\/urbamonde.org\/es\/#website","url":"https:\/\/urbamonde.org\/es\/","name":"urbaMonde","description":"des villes durables par et pour les habitant\u00b7es","publisher":{"@id":"https:\/\/urbamonde.org\/es\/#organization"},"potentialAction":[{"@type":"SearchAction","target":{"@type":"EntryPoint","urlTemplate":"https:\/\/urbamonde.org\/es\/?s={search_term_string}"},"query-input":{"@type":"PropertyValueSpecification","valueRequired":true,"valueName":"search_term_string"}}],"inLanguage":"es"},{"@type":"Organization","@id":"https:\/\/urbamonde.org\/es\/#organization","name":"urbaMonde","url":"https:\/\/urbamonde.org\/es\/","logo":{"@type":"ImageObject","inLanguage":"es","@id":"https:\/\/urbamonde.org\/es\/#\/schema\/logo\/image\/","url":"https:\/\/urbamonde.org\/wp-content\/uploads\/2024\/10\/logo-urbamonde-fr.png","contentUrl":"https:\/\/urbamonde.org\/wp-content\/uploads\/2024\/10\/logo-urbamonde-fr.png","width":271,"height":65,"caption":"urbaMonde"},"image":{"@id":"https:\/\/urbamonde.org\/es\/#\/schema\/logo\/image\/"},"sameAs":["https:\/\/www.facebook.com\/urbaMonde\/","https:\/\/www.linkedin.com\/company\/urbamonde","https:\/\/www.instagram.com\/urba.monde\/"]},{"@type":"Person","@id":"https:\/\/urbamonde.org\/es\/#\/schema\/person\/d1fa8d0b4d40c7f1933d29ab86a485f5","name":"njato","image":{"@type":"ImageObject","inLanguage":"es","@id":"https:\/\/secure.gravatar.com\/avatar\/fb7975e14d19cd4d63178b531e1a3e74cc198f3ac6d3e7d44f7b0d7871bcc97b?s=96&d=mm&r=g","url":"https:\/\/secure.gravatar.com\/avatar\/fb7975e14d19cd4d63178b531e1a3e74cc198f3ac6d3e7d44f7b0d7871bcc97b?s=96&d=mm&r=g","contentUrl":"https:\/\/secure.gravatar.com\/avatar\/fb7975e14d19cd4d63178b531e1a3e74cc198f3ac6d3e7d44f7b0d7871bcc97b?s=96&d=mm&r=g","caption":"njato"},"url":"https:\/\/urbamonde.org\/es\/author\/njato\/"}]}},"_links":{"self":[{"href":"https:\/\/urbamonde.org\/es\/wp-json\/wp\/v2\/posts\/1715","targetHints":{"allow":["GET"]}}],"collection":[{"href":"https:\/\/urbamonde.org\/es\/wp-json\/wp\/v2\/posts"}],"about":[{"href":"https:\/\/urbamonde.org\/es\/wp-json\/wp\/v2\/types\/post"}],"author":[{"embeddable":true,"href":"https:\/\/urbamonde.org\/es\/wp-json\/wp\/v2\/users\/5"}],"replies":[{"embeddable":true,"href":"https:\/\/urbamonde.org\/es\/wp-json\/wp\/v2\/comments?post=1715"}],"version-history":[{"count":2,"href":"https:\/\/urbamonde.org\/es\/wp-json\/wp\/v2\/posts\/1715\/revisions"}],"predecessor-version":[{"id":1875,"href":"https:\/\/urbamonde.org\/es\/wp-json\/wp\/v2\/posts\/1715\/revisions\/1875"}],"wp:featuredmedia":[{"embeddable":true,"href":"https:\/\/urbamonde.org\/es\/wp-json\/wp\/v2\/media\/496"}],"wp:attachment":[{"href":"https:\/\/urbamonde.org\/es\/wp-json\/wp\/v2\/media?parent=1715"}],"wp:term":[{"taxonomy":"category","embeddable":true,"href":"https:\/\/urbamonde.org\/es\/wp-json\/wp\/v2\/categories?post=1715"},{"taxonomy":"post_tag","embeddable":true,"href":"https:\/\/urbamonde.org\/es\/wp-json\/wp\/v2\/tags?post=1715"}],"curies":[{"name":"wp","href":"https:\/\/api.w.org\/{rel}","templated":true}]}}