{"id":3559,"date":"2025-09-13T13:00:07","date_gmt":"2025-09-13T11:00:07","guid":{"rendered":"https:\/\/preview.urbamonde.org\/?p=3559"},"modified":"2025-02-17T10:54:12","modified_gmt":"2025-02-17T09:54:12","slug":"para-apoyar-la-implementacion-y-difusion-de-un-modelo-de-clt-en-brasil","status":"publish","type":"post","link":"https:\/\/urbamonde.org\/es\/para-apoyar-la-implementacion-y-difusion-de-un-modelo-de-clt-en-brasil\/","title":{"rendered":"Para apoyar la implementaci\u00f3n y difusi\u00f3n de un modelo de CLT en Brasil"},"content":{"rendered":"<div class=\"col-lg-8 article-left\">\n<h2 class=\"spip\">En R\u00edo de Janeiro, aproximadamente el 24% de la poblaci\u00f3n vive en favelas, que se acoge a m\u00e1s de 1,4 millones de personas. Es la ciudad con mayor n\u00famero de residentes de las favelas de Brasil.<\/h2>\n<p>&nbsp;<\/p>\n<p><strong>Contexto,<\/strong><\/p>\n<p>Las clases trabajadoras, a quienes a menudo se ven obligados a ocupar terrenos p\u00fablicos, espacios privados, sin dirigir el ejercicio de la propiedad o, simplemente, de la tierra, no registrado, la forma de los asentamientos informales.&nbsp;<strong>La relaci\u00f3n del Estado con estos espacios siempre ha sido ambigua&nbsp;: momentos de la tolerancia y la autorizaci\u00f3n, otros de la represi\u00f3n y los intentos de desplazamiento forzado.<\/strong><\/p>\n<p>Muchas de estas comunidades est\u00e1n ubicadas en zonas con valores de la ciudad &#8211; las \u00e1reas que son de inter\u00e9s y que est\u00e1n sujetos a&nbsp;<strong>a una presi\u00f3n constante del mercado inmobiliario<\/strong>, que adem\u00e1s estimula la segregaci\u00f3n socio-espacial que caracteriza a la \u00ab\u00a0cidade maravilhosa\u00a0\u00bb.<\/p>\n<div class=\"spip_document_379 spip_document spip_documents spip_document_image spip_documents_center spip_document_center\">\n<figure class=\"spip_doc_inner\"><a class=\"spip_doc_lien mediabox\" href=\"https:\/\/urbamonde.org\/IMG\/jpg\/catcom-rio-3.jpg\" type=\"image\/jpeg\"><img fetchpriority=\"high\" decoding=\"async\" src=\"https:\/\/urbamonde.org\/IMG\/jpg\/catcom-rio-3.jpg\" alt=\"\" width=\"800\" height=\"449\"><\/a><\/figure>\n<\/div>\n<div class=\"spip_document_380 spip_document spip_documents spip_document_image spip_documents_center spip_document_center\">\n<figure class=\"spip_doc_inner\"><a class=\"spip_doc_lien mediabox\" href=\"https:\/\/urbamonde.org\/IMG\/jpg\/catcom-rio-4.jpg\" type=\"image\/jpeg\"><img decoding=\"async\" src=\"https:\/\/urbamonde.org\/IMG\/jpg\/catcom-rio-4.jpg\" alt=\"\" width=\"800\" height=\"449\"><\/a><\/figure>\n<\/div>\n<p>Para protegerse, el modelo Termo Territorial Coletivo (TTC) se propone como un medio de recuperaci\u00f3n de estos territorios, garantizando su permanencia en las \u00e1reas de desarrollo de la ciudad de la seguridad de la tenencia es eficaz residente\u00b7es en contra de la especulaci\u00f3n inmobiliaria y el aumento en el costo de la vida, y al mismo tiempo proporcionar viviendas asequibles de forma permanente.<\/p>\n<p>La adopci\u00f3n de un modelo espec\u00edfico de Tierras de la Comunidad Conf\u00eda en Brasil &#8211; TTC actuar\u00eda directamente sobre tres de los principales problemas que enfrentan los grupos vulnerables de la poblaci\u00f3n urbana en todo el Brasil, especialmente en R\u00edo de Janeiro, para averiguar&nbsp;: seguridad de la tenencia, la necesidad de mejorar los territorios y la infraestructura, y la participaci\u00f3n de la comunidad que es a menudo casual e ineficaz.<\/p>\n<h2 class=\"spip\">El trabajo de urbaMonde<\/h2>\n<p>En este proyecto, urbaMonde proporciona asistencia t\u00e9cnica a Comcatz &#8211; nuestro socio local en la formulaci\u00f3n y el desarrollo de las diferentes pol\u00edticas locales, as\u00ed como en la reflexi\u00f3n y evaluaci\u00f3n de las actividades y resultados del proyecto a lo largo de su implementaci\u00f3n.<\/p>\n<p>En el a\u00f1o 2022, el proyecto ha logrado importantes avances en la movilizaci\u00f3n de las comunidades en la formulaci\u00f3n y aplicaci\u00f3n de un marco legislativo en la regulaci\u00f3n de la Ct, en Brasil y en la difusi\u00f3n del modelo a nivel nacional.<\/p>\n<p>En la actualidad el 4 comunidades-los conductores est\u00e1n comprometidos con la implementaci\u00f3n de CLT en sus territorios, 2 que se ha unido al proyecto en 2022.&nbsp;<strong>En el plano legislativo, la primera ley sobre el modelo CLT en Brasil ha sido aprobado&nbsp;: el municipio de S\u00e3o Jo\u00e3o de Meriti, parte de la regi\u00f3n metropolitana de R\u00edo de Janeiro, se ha incluido la plantilla en su Plan maestro.<\/strong><\/p>\n<p>Adem\u00e1s, el proyecto ha sido un importante desarrollo en la estrategia de difusi\u00f3n. Tras el seminario nacional en el a\u00f1o 2022, un n\u00famero de organizaciones en otros Estados de brasil han mostrado un gran inter\u00e9s en la propagaci\u00f3n de la modelo a nivel nacional, lo que ha resultado en la formaci\u00f3n del Grupo de Multiplicadores de la CLT.<\/p>\n<p>Este proyecto de tres a\u00f1os es apoyado por la FGC.<\/p>\n<p><iframe title=\"YouTube video player\" src=\"https:\/\/www.youtube.com\/embed\/0-lvmDPtNZc\" width=\"100%\" height=\"400\" frameborder=\"0\" allowfullscreen=\"allowfullscreen\" data-mce-fragment=\"1\"><\/iframe><\/p>\n<div class=\"spip_document_488 spip_document spip_documents spip_document_image spip_documents_center spip_document_center\">\n<figure class=\"spip_doc_inner\"><a class=\"spip_doc_lien mediabox\" href=\"https:\/\/urbamonde.org\/IMG\/jpg\/tcc-bresil-catcomm.jpg\" type=\"image\/jpeg\"><img decoding=\"async\" src=\"https:\/\/urbamonde.org\/IMG\/jpg\/tcc-bresil-catcomm.jpg\" alt=\"\" width=\"800\" height=\"534\"><\/a><\/figure>\n<\/div>\n<div class=\"spip_document_489 spip_document spip_documents spip_document_image spip_documents_center spip_document_center\">\n<figure class=\"spip_doc_inner\"><a class=\"spip_doc_lien mediabox\" href=\"https:\/\/urbamonde.org\/IMG\/jpg\/tcc-bresil.jpg\" type=\"image\/jpeg\"><img loading=\"lazy\" decoding=\"async\" src=\"https:\/\/urbamonde.org\/IMG\/jpg\/tcc-bresil.jpg\" alt=\"\" width=\"800\" height=\"474\"><\/a><\/figure>\n<\/div>\n<div class=\"spip_document_378 spip_document spip_documents spip_document_image spip_documents_center spip_document_center\">\n<figure class=\"spip_doc_inner\"><a class=\"spip_doc_lien mediabox\" href=\"https:\/\/urbamonde.org\/IMG\/jpg\/catcom-rio.jpg\" type=\"image\/jpeg\"><img loading=\"lazy\" decoding=\"async\" src=\"https:\/\/urbamonde.org\/IMG\/jpg\/catcom-rio.jpg\" alt=\"\" width=\"800\" height=\"479\"><\/a><\/figure>\n<\/div>\n<div class=\"spip_document_405 spip_document spip_documents spip_document_image spip_documents_center spip_document_center\">\n<figure class=\"spip_doc_inner\"><a class=\"spip_doc_lien mediabox\" href=\"https:\/\/urbamonde.org\/IMG\/jpg\/catcom-clt.jpg\" type=\"image\/jpeg\"><img loading=\"lazy\" decoding=\"async\" src=\"https:\/\/urbamonde.org\/IMG\/jpg\/catcom-clt.jpg\" alt=\"\" width=\"800\" height=\"533\"><\/a><\/figure>\n<\/div>\n<\/div>\n<div class=\"col-lg-4 article-right\">\n<div class=\"article-id\">\n<div class=\"technical\">\n<div><\/div>\n<\/div>\n<\/div>\n<\/div>","protected":false},"excerpt":{"rendered":"<p>En R\u00edo de Janeiro, aproximadamente el 24% de la poblaci\u00f3n vive en favelas, que se acoge a m\u00e1s de 1,4 millones de personas. Es la ciudad con mayor n\u00famero de residentes de las favelas de Brasil. &nbsp; Contexto, Las clases trabajadoras, a quienes a menudo se ven obligados a ocupar terrenos p\u00fablicos, espacios privados, sin [&hellip;]<\/p>","protected":false},"author":5,"featured_media":441,"comment_status":"open","ping_status":"open","sticky":false,"template":"","format":"standard","meta":{"footnotes":""},"categories":[83],"tags":[],"class_list":["post-3559","post","type-post","status-publish","format-standard","has-post-thumbnail","hentry","category-cooperacion-internacional"],"acf":[],"yoast_head":"<!-- This site is optimized with the Yoast SEO plugin v27.4 - https:\/\/yoast.com\/product\/yoast-seo-wordpress\/ -->\n<title>Para apoyar la implementaci\u00f3n y difusi\u00f3n de un modelo de CLT en Brasil - urbaMonde<\/title>\n<meta name=\"robots\" content=\"index, follow, max-snippet:-1, max-image-preview:large, max-video-preview:-1\" \/>\n<link rel=\"canonical\" href=\"https:\/\/urbamonde.org\/es\/para-apoyar-la-implementacion-y-difusion-de-un-modelo-de-clt-en-brasil\/\" \/>\n<meta property=\"og:locale\" content=\"es_ES\" \/>\n<meta property=\"og:type\" content=\"article\" \/>\n<meta property=\"og:title\" content=\"Para apoyar la implementaci\u00f3n y difusi\u00f3n de un modelo de CLT en Brasil - urbaMonde\" \/>\n<meta property=\"og:description\" content=\"En R\u00edo de Janeiro, aproximadamente el 24% de la poblaci\u00f3n vive en favelas, que se acoge a m\u00e1s de 1,4 millones de personas. Es la ciudad con mayor n\u00famero de residentes de las favelas de Brasil. &nbsp; Contexto, Las clases trabajadoras, a quienes a menudo se ven obligados a ocupar terrenos p\u00fablicos, espacios privados, sin [&hellip;]\" \/>\n<meta property=\"og:url\" content=\"https:\/\/urbamonde.org\/es\/para-apoyar-la-implementacion-y-difusion-de-un-modelo-de-clt-en-brasil\/\" \/>\n<meta property=\"og:site_name\" content=\"urbaMonde\" \/>\n<meta property=\"article:publisher\" content=\"https:\/\/www.facebook.com\/urbaMonde\/\" \/>\n<meta property=\"article:published_time\" content=\"2025-09-13T11:00:07+00:00\" \/>\n<meta property=\"og:image\" content=\"https:\/\/urbamonde.org\/wp-content\/uploads\/2024\/10\/catcom-rio-um.jpg\" \/>\n\t<meta property=\"og:image:width\" content=\"1100\" \/>\n\t<meta property=\"og:image:height\" content=\"618\" \/>\n\t<meta property=\"og:image:type\" content=\"image\/jpeg\" \/>\n<meta name=\"author\" content=\"njato\" \/>\n<meta name=\"twitter:card\" content=\"summary_large_image\" \/>\n<meta name=\"twitter:label1\" content=\"Escrito por\" \/>\n\t<meta name=\"twitter:data1\" content=\"njato\" \/>\n\t<meta name=\"twitter:label2\" content=\"Tiempo de lectura\" \/>\n\t<meta name=\"twitter:data2\" content=\"3 minutos\" \/>\n<script type=\"application\/ld+json\" class=\"yoast-schema-graph\">{\"@context\":\"https:\\\/\\\/schema.org\",\"@graph\":[{\"@type\":\"Article\",\"@id\":\"https:\\\/\\\/urbamonde.org\\\/es\\\/para-apoyar-la-implementacion-y-difusion-de-un-modelo-de-clt-en-brasil\\\/#article\",\"isPartOf\":{\"@id\":\"https:\\\/\\\/urbamonde.org\\\/es\\\/para-apoyar-la-implementacion-y-difusion-de-un-modelo-de-clt-en-brasil\\\/\"},\"author\":{\"name\":\"njato\",\"@id\":\"https:\\\/\\\/urbamonde.org\\\/es\\\/#\\\/schema\\\/person\\\/d1fa8d0b4d40c7f1933d29ab86a485f5\"},\"headline\":\"Para apoyar la implementaci\u00f3n y difusi\u00f3n de un modelo de CLT en Brasil\",\"datePublished\":\"2025-09-13T11:00:07+00:00\",\"mainEntityOfPage\":{\"@id\":\"https:\\\/\\\/urbamonde.org\\\/es\\\/para-apoyar-la-implementacion-y-difusion-de-un-modelo-de-clt-en-brasil\\\/\"},\"wordCount\":568,\"commentCount\":0,\"publisher\":{\"@id\":\"https:\\\/\\\/urbamonde.org\\\/es\\\/#organization\"},\"image\":{\"@id\":\"https:\\\/\\\/urbamonde.org\\\/es\\\/para-apoyar-la-implementacion-y-difusion-de-un-modelo-de-clt-en-brasil\\\/#primaryimage\"},\"thumbnailUrl\":\"https:\\\/\\\/urbamonde.org\\\/wp-content\\\/uploads\\\/2024\\\/10\\\/catcom-rio-um.jpg\",\"articleSection\":[\"Cooperaci\u00f3n internacional\"],\"inLanguage\":\"es\",\"potentialAction\":[{\"@type\":\"CommentAction\",\"name\":\"Comment\",\"target\":[\"https:\\\/\\\/urbamonde.org\\\/es\\\/para-apoyar-la-implementacion-y-difusion-de-un-modelo-de-clt-en-brasil\\\/#respond\"]}]},{\"@type\":\"WebPage\",\"@id\":\"https:\\\/\\\/urbamonde.org\\\/es\\\/para-apoyar-la-implementacion-y-difusion-de-un-modelo-de-clt-en-brasil\\\/\",\"url\":\"https:\\\/\\\/urbamonde.org\\\/es\\\/para-apoyar-la-implementacion-y-difusion-de-un-modelo-de-clt-en-brasil\\\/\",\"name\":\"Para apoyar la implementaci\u00f3n y difusi\u00f3n de un modelo de CLT en Brasil - urbaMonde\",\"isPartOf\":{\"@id\":\"https:\\\/\\\/urbamonde.org\\\/es\\\/#website\"},\"primaryImageOfPage\":{\"@id\":\"https:\\\/\\\/urbamonde.org\\\/es\\\/para-apoyar-la-implementacion-y-difusion-de-un-modelo-de-clt-en-brasil\\\/#primaryimage\"},\"image\":{\"@id\":\"https:\\\/\\\/urbamonde.org\\\/es\\\/para-apoyar-la-implementacion-y-difusion-de-un-modelo-de-clt-en-brasil\\\/#primaryimage\"},\"thumbnailUrl\":\"https:\\\/\\\/urbamonde.org\\\/wp-content\\\/uploads\\\/2024\\\/10\\\/catcom-rio-um.jpg\",\"datePublished\":\"2025-09-13T11:00:07+00:00\",\"breadcrumb\":{\"@id\":\"https:\\\/\\\/urbamonde.org\\\/es\\\/para-apoyar-la-implementacion-y-difusion-de-un-modelo-de-clt-en-brasil\\\/#breadcrumb\"},\"inLanguage\":\"es\",\"potentialAction\":[{\"@type\":\"ReadAction\",\"target\":[\"https:\\\/\\\/urbamonde.org\\\/es\\\/para-apoyar-la-implementacion-y-difusion-de-un-modelo-de-clt-en-brasil\\\/\"]}]},{\"@type\":\"ImageObject\",\"inLanguage\":\"es\",\"@id\":\"https:\\\/\\\/urbamonde.org\\\/es\\\/para-apoyar-la-implementacion-y-difusion-de-un-modelo-de-clt-en-brasil\\\/#primaryimage\",\"url\":\"https:\\\/\\\/urbamonde.org\\\/wp-content\\\/uploads\\\/2024\\\/10\\\/catcom-rio-um.jpg\",\"contentUrl\":\"https:\\\/\\\/urbamonde.org\\\/wp-content\\\/uploads\\\/2024\\\/10\\\/catcom-rio-um.jpg\",\"width\":1100,\"height\":618},{\"@type\":\"BreadcrumbList\",\"@id\":\"https:\\\/\\\/urbamonde.org\\\/es\\\/para-apoyar-la-implementacion-y-difusion-de-un-modelo-de-clt-en-brasil\\\/#breadcrumb\",\"itemListElement\":[{\"@type\":\"ListItem\",\"position\":1,\"name\":\"Accueil\",\"item\":\"https:\\\/\\\/urbamonde.org\\\/es\\\/\"},{\"@type\":\"ListItem\",\"position\":2,\"name\":\"Para apoyar la implementaci\u00f3n y difusi\u00f3n de un modelo de CLT en Brasil\"}]},{\"@type\":\"WebSite\",\"@id\":\"https:\\\/\\\/urbamonde.org\\\/es\\\/#website\",\"url\":\"https:\\\/\\\/urbamonde.org\\\/es\\\/\",\"name\":\"urbaMonde\",\"description\":\"des villes durables par et pour les habitant\u00b7es\",\"publisher\":{\"@id\":\"https:\\\/\\\/urbamonde.org\\\/es\\\/#organization\"},\"potentialAction\":[{\"@type\":\"SearchAction\",\"target\":{\"@type\":\"EntryPoint\",\"urlTemplate\":\"https:\\\/\\\/urbamonde.org\\\/es\\\/?s={search_term_string}\"},\"query-input\":{\"@type\":\"PropertyValueSpecification\",\"valueRequired\":true,\"valueName\":\"search_term_string\"}}],\"inLanguage\":\"es\"},{\"@type\":\"Organization\",\"@id\":\"https:\\\/\\\/urbamonde.org\\\/es\\\/#organization\",\"name\":\"urbaMonde\",\"url\":\"https:\\\/\\\/urbamonde.org\\\/es\\\/\",\"logo\":{\"@type\":\"ImageObject\",\"inLanguage\":\"es\",\"@id\":\"https:\\\/\\\/urbamonde.org\\\/es\\\/#\\\/schema\\\/logo\\\/image\\\/\",\"url\":\"https:\\\/\\\/urbamonde.org\\\/wp-content\\\/uploads\\\/2024\\\/10\\\/logo-urbamonde-fr.png\",\"contentUrl\":\"https:\\\/\\\/urbamonde.org\\\/wp-content\\\/uploads\\\/2024\\\/10\\\/logo-urbamonde-fr.png\",\"width\":271,\"height\":65,\"caption\":\"urbaMonde\"},\"image\":{\"@id\":\"https:\\\/\\\/urbamonde.org\\\/es\\\/#\\\/schema\\\/logo\\\/image\\\/\"},\"sameAs\":[\"https:\\\/\\\/www.facebook.com\\\/urbaMonde\\\/\",\"https:\\\/\\\/www.linkedin.com\\\/company\\\/urbamonde\",\"https:\\\/\\\/www.instagram.com\\\/urba.monde\\\/\"]},{\"@type\":\"Person\",\"@id\":\"https:\\\/\\\/urbamonde.org\\\/es\\\/#\\\/schema\\\/person\\\/d1fa8d0b4d40c7f1933d29ab86a485f5\",\"name\":\"njato\",\"image\":{\"@type\":\"ImageObject\",\"inLanguage\":\"es\",\"@id\":\"https:\\\/\\\/secure.gravatar.com\\\/avatar\\\/fb7975e14d19cd4d63178b531e1a3e74cc198f3ac6d3e7d44f7b0d7871bcc97b?s=96&d=mm&r=g\",\"url\":\"https:\\\/\\\/secure.gravatar.com\\\/avatar\\\/fb7975e14d19cd4d63178b531e1a3e74cc198f3ac6d3e7d44f7b0d7871bcc97b?s=96&d=mm&r=g\",\"contentUrl\":\"https:\\\/\\\/secure.gravatar.com\\\/avatar\\\/fb7975e14d19cd4d63178b531e1a3e74cc198f3ac6d3e7d44f7b0d7871bcc97b?s=96&d=mm&r=g\",\"caption\":\"njato\"},\"url\":\"https:\\\/\\\/urbamonde.org\\\/es\\\/author\\\/njato\\\/\"}]}<\/script>\n<!-- \/ Yoast SEO plugin. -->","yoast_head_json":{"title":"Para apoyar la implementaci\u00f3n y difusi\u00f3n de un modelo de CLT en Brasil - urbaMonde","robots":{"index":"index","follow":"follow","max-snippet":"max-snippet:-1","max-image-preview":"max-image-preview:large","max-video-preview":"max-video-preview:-1"},"canonical":"https:\/\/urbamonde.org\/es\/para-apoyar-la-implementacion-y-difusion-de-un-modelo-de-clt-en-brasil\/","og_locale":"es_ES","og_type":"article","og_title":"Para apoyar la implementaci\u00f3n y difusi\u00f3n de un modelo de CLT en Brasil - urbaMonde","og_description":"En R\u00edo de Janeiro, aproximadamente el 24% de la poblaci\u00f3n vive en favelas, que se acoge a m\u00e1s de 1,4 millones de personas. Es la ciudad con mayor n\u00famero de residentes de las favelas de Brasil. &nbsp; Contexto, Las clases trabajadoras, a quienes a menudo se ven obligados a ocupar terrenos p\u00fablicos, espacios privados, sin [&hellip;]","og_url":"https:\/\/urbamonde.org\/es\/para-apoyar-la-implementacion-y-difusion-de-un-modelo-de-clt-en-brasil\/","og_site_name":"urbaMonde","article_publisher":"https:\/\/www.facebook.com\/urbaMonde\/","article_published_time":"2025-09-13T11:00:07+00:00","og_image":[{"width":1100,"height":618,"url":"https:\/\/urbamonde.org\/wp-content\/uploads\/2024\/10\/catcom-rio-um.jpg","type":"image\/jpeg"}],"author":"njato","twitter_card":"summary_large_image","twitter_misc":{"Escrito por":"njato","Tiempo de lectura":"3 minutos"},"schema":{"@context":"https:\/\/schema.org","@graph":[{"@type":"Article","@id":"https:\/\/urbamonde.org\/es\/para-apoyar-la-implementacion-y-difusion-de-un-modelo-de-clt-en-brasil\/#article","isPartOf":{"@id":"https:\/\/urbamonde.org\/es\/para-apoyar-la-implementacion-y-difusion-de-un-modelo-de-clt-en-brasil\/"},"author":{"name":"njato","@id":"https:\/\/urbamonde.org\/es\/#\/schema\/person\/d1fa8d0b4d40c7f1933d29ab86a485f5"},"headline":"Para apoyar la implementaci\u00f3n y difusi\u00f3n de un modelo de CLT en Brasil","datePublished":"2025-09-13T11:00:07+00:00","mainEntityOfPage":{"@id":"https:\/\/urbamonde.org\/es\/para-apoyar-la-implementacion-y-difusion-de-un-modelo-de-clt-en-brasil\/"},"wordCount":568,"commentCount":0,"publisher":{"@id":"https:\/\/urbamonde.org\/es\/#organization"},"image":{"@id":"https:\/\/urbamonde.org\/es\/para-apoyar-la-implementacion-y-difusion-de-un-modelo-de-clt-en-brasil\/#primaryimage"},"thumbnailUrl":"https:\/\/urbamonde.org\/wp-content\/uploads\/2024\/10\/catcom-rio-um.jpg","articleSection":["Cooperaci\u00f3n internacional"],"inLanguage":"es","potentialAction":[{"@type":"CommentAction","name":"Comment","target":["https:\/\/urbamonde.org\/es\/para-apoyar-la-implementacion-y-difusion-de-un-modelo-de-clt-en-brasil\/#respond"]}]},{"@type":"WebPage","@id":"https:\/\/urbamonde.org\/es\/para-apoyar-la-implementacion-y-difusion-de-un-modelo-de-clt-en-brasil\/","url":"https:\/\/urbamonde.org\/es\/para-apoyar-la-implementacion-y-difusion-de-un-modelo-de-clt-en-brasil\/","name":"Para apoyar la implementaci\u00f3n y difusi\u00f3n de un modelo de CLT en Brasil - urbaMonde","isPartOf":{"@id":"https:\/\/urbamonde.org\/es\/#website"},"primaryImageOfPage":{"@id":"https:\/\/urbamonde.org\/es\/para-apoyar-la-implementacion-y-difusion-de-un-modelo-de-clt-en-brasil\/#primaryimage"},"image":{"@id":"https:\/\/urbamonde.org\/es\/para-apoyar-la-implementacion-y-difusion-de-un-modelo-de-clt-en-brasil\/#primaryimage"},"thumbnailUrl":"https:\/\/urbamonde.org\/wp-content\/uploads\/2024\/10\/catcom-rio-um.jpg","datePublished":"2025-09-13T11:00:07+00:00","breadcrumb":{"@id":"https:\/\/urbamonde.org\/es\/para-apoyar-la-implementacion-y-difusion-de-un-modelo-de-clt-en-brasil\/#breadcrumb"},"inLanguage":"es","potentialAction":[{"@type":"ReadAction","target":["https:\/\/urbamonde.org\/es\/para-apoyar-la-implementacion-y-difusion-de-un-modelo-de-clt-en-brasil\/"]}]},{"@type":"ImageObject","inLanguage":"es","@id":"https:\/\/urbamonde.org\/es\/para-apoyar-la-implementacion-y-difusion-de-un-modelo-de-clt-en-brasil\/#primaryimage","url":"https:\/\/urbamonde.org\/wp-content\/uploads\/2024\/10\/catcom-rio-um.jpg","contentUrl":"https:\/\/urbamonde.org\/wp-content\/uploads\/2024\/10\/catcom-rio-um.jpg","width":1100,"height":618},{"@type":"BreadcrumbList","@id":"https:\/\/urbamonde.org\/es\/para-apoyar-la-implementacion-y-difusion-de-un-modelo-de-clt-en-brasil\/#breadcrumb","itemListElement":[{"@type":"ListItem","position":1,"name":"Accueil","item":"https:\/\/urbamonde.org\/es\/"},{"@type":"ListItem","position":2,"name":"Para apoyar la implementaci\u00f3n y difusi\u00f3n de un modelo de CLT en Brasil"}]},{"@type":"WebSite","@id":"https:\/\/urbamonde.org\/es\/#website","url":"https:\/\/urbamonde.org\/es\/","name":"urbaMonde","description":"des villes durables par et pour les habitant\u00b7es","publisher":{"@id":"https:\/\/urbamonde.org\/es\/#organization"},"potentialAction":[{"@type":"SearchAction","target":{"@type":"EntryPoint","urlTemplate":"https:\/\/urbamonde.org\/es\/?s={search_term_string}"},"query-input":{"@type":"PropertyValueSpecification","valueRequired":true,"valueName":"search_term_string"}}],"inLanguage":"es"},{"@type":"Organization","@id":"https:\/\/urbamonde.org\/es\/#organization","name":"urbaMonde","url":"https:\/\/urbamonde.org\/es\/","logo":{"@type":"ImageObject","inLanguage":"es","@id":"https:\/\/urbamonde.org\/es\/#\/schema\/logo\/image\/","url":"https:\/\/urbamonde.org\/wp-content\/uploads\/2024\/10\/logo-urbamonde-fr.png","contentUrl":"https:\/\/urbamonde.org\/wp-content\/uploads\/2024\/10\/logo-urbamonde-fr.png","width":271,"height":65,"caption":"urbaMonde"},"image":{"@id":"https:\/\/urbamonde.org\/es\/#\/schema\/logo\/image\/"},"sameAs":["https:\/\/www.facebook.com\/urbaMonde\/","https:\/\/www.linkedin.com\/company\/urbamonde","https:\/\/www.instagram.com\/urba.monde\/"]},{"@type":"Person","@id":"https:\/\/urbamonde.org\/es\/#\/schema\/person\/d1fa8d0b4d40c7f1933d29ab86a485f5","name":"njato","image":{"@type":"ImageObject","inLanguage":"es","@id":"https:\/\/secure.gravatar.com\/avatar\/fb7975e14d19cd4d63178b531e1a3e74cc198f3ac6d3e7d44f7b0d7871bcc97b?s=96&d=mm&r=g","url":"https:\/\/secure.gravatar.com\/avatar\/fb7975e14d19cd4d63178b531e1a3e74cc198f3ac6d3e7d44f7b0d7871bcc97b?s=96&d=mm&r=g","contentUrl":"https:\/\/secure.gravatar.com\/avatar\/fb7975e14d19cd4d63178b531e1a3e74cc198f3ac6d3e7d44f7b0d7871bcc97b?s=96&d=mm&r=g","caption":"njato"},"url":"https:\/\/urbamonde.org\/es\/author\/njato\/"}]}},"_links":{"self":[{"href":"https:\/\/urbamonde.org\/es\/wp-json\/wp\/v2\/posts\/3559","targetHints":{"allow":["GET"]}}],"collection":[{"href":"https:\/\/urbamonde.org\/es\/wp-json\/wp\/v2\/posts"}],"about":[{"href":"https:\/\/urbamonde.org\/es\/wp-json\/wp\/v2\/types\/post"}],"author":[{"embeddable":true,"href":"https:\/\/urbamonde.org\/es\/wp-json\/wp\/v2\/users\/5"}],"replies":[{"embeddable":true,"href":"https:\/\/urbamonde.org\/es\/wp-json\/wp\/v2\/comments?post=3559"}],"version-history":[{"count":2,"href":"https:\/\/urbamonde.org\/es\/wp-json\/wp\/v2\/posts\/3559\/revisions"}],"predecessor-version":[{"id":4977,"href":"https:\/\/urbamonde.org\/es\/wp-json\/wp\/v2\/posts\/3559\/revisions\/4977"}],"wp:featuredmedia":[{"embeddable":true,"href":"https:\/\/urbamonde.org\/es\/wp-json\/wp\/v2\/media\/441"}],"wp:attachment":[{"href":"https:\/\/urbamonde.org\/es\/wp-json\/wp\/v2\/media?parent=3559"}],"wp:term":[{"taxonomy":"category","embeddable":true,"href":"https:\/\/urbamonde.org\/es\/wp-json\/wp\/v2\/categories?post=3559"},{"taxonomy":"post_tag","embeddable":true,"href":"https:\/\/urbamonde.org\/es\/wp-json\/wp\/v2\/tags?post=3559"}],"curies":[{"name":"wp","href":"https:\/\/api.w.org\/{rel}","templated":true}]}}