{"id":3588,"date":"2024-09-24T12:20:17","date_gmt":"2024-09-24T10:20:17","guid":{"rendered":"https:\/\/preview.urbamonde.org\/?p=3588"},"modified":"2026-01-15T15:31:06","modified_gmt":"2026-01-15T14:31:06","slug":"comunicado-de-prensa-una-decada-de-la-innovacion-en-el-habitat-participativo-y-cooperativo","status":"publish","type":"post","link":"https:\/\/urbamonde.org\/es\/comunicado-de-prensa-una-decada-de-la-innovacion-en-el-habitat-participativo-y-cooperativo\/","title":{"rendered":"Comunicado de prensa : Una d\u00e9cada de la innovaci\u00f3n en el h\u00e1bitat participativo y cooperativo"},"content":{"rendered":"<h2 class=\"spip\">La celebraci\u00f3n de una d\u00e9cada de la innovaci\u00f3n en el h\u00e1bitat participativo y cooperativo de la<\/h2>\n<p><strong>Reuni\u00f3n anual de la Red CoHabitat en Ginebra<\/strong><\/p>\n<p>&nbsp;<\/p>\n<p><strong>Comunicado de prensa<\/strong><br class=\"autobr\" \/>, 24 de septiembre de 2024<\/p>\n<p><i>Ginebra, Suiza<\/i>\u00a0\u2013 La Red CoHabitat celebrar\u00e1 su 10\u00ba aniversario con una gran reuni\u00f3n mundial en la defensa del derecho a la vivienda en Ginebra del 30 de septiembre al 4 de octubre de 2024. Marcado de una d\u00e9cada de trabajo pionero en el h\u00e1bitat participativo y colaborativo, el evento incluye una serie de talleres, sesiones de networking, visitas a cooperativas de vivienda y una conferencia p\u00fablica el 1 de octubre.<\/p>\n<p>Fundada en octubre de 2014, la Red CoHabitat, coordinado por urbaMonde, se ha convertido en una referencia para soluciones de vivienda asequible, inclusiva y participativa, destacando el inspirador de experiencias innovadoras y ha sido usado por las comunidades de bajos ingresos en el mundo. Este a\u00f1os de encuentro reunir\u00e1 a m\u00e1s de 40 organizaciones, principalmente de la sociedad civil (internacional de coaliciones, federaciones de personas, ONG locales e internacionales), as\u00ed como con instituciones acad\u00e9micas, para promover la colaboraci\u00f3n, para celebrar los \u00e9xitos y para mostrar la diversidad y la sostenibilidad de la producci\u00f3n social del h\u00e1bitat.<\/p>\n<p><strong>Evento\u00a0: Conferencia p\u00fablica el 1 de octubre<\/strong><br class=\"autobr\" \/>Al 1 de octubre, urbaMonde organiza una conferencia p\u00fablica en la Universidad de Ginebra, con cuatro notables iniciativas de h\u00e1bitat participativo de Senegal, Indonesia, Espa\u00f1a y Suiza. Estos proyectos han sido adjudicados por el prestigioso Premio Mundial del H\u00e1bitat, a su revolucionario enfoques en el campo de la justicia y la sostenibilidad en la vivienda.<\/p>\n<p>\u00a0\u00bb\u00a0La Producci\u00f3n Social de la vivienda va m\u00e1s all\u00e1 de la mera construcci\u00f3n de vivienda\u00a0; esto es para mejorar el poder de las comunidades, y la creaci\u00f3n de espacios urbanos que son sostenibles y satisfacer las necesidades del habitante\u00b7es\u00a0\u00ab\u00a0, dice Leah Oswald, director y gerente de proyecto en urbaMonde. \u00a0\u00bb\u00a0Estamos encantados de\u00b7es compartir estas historias inspiradoras con el p\u00fablico en Ginebra y discutir las condiciones que permiten que estos modelos para desarrollar en una escala global.\u00a0\u00a0\u00bb<\/p>\n<p>Los cuatro invitados\u00b7es internacional se uni\u00f3 a\u00b7es en una mesa redonda por otros expertos\u00b7es de las cuestiones que, a explorar estrategias para aumentar el n\u00famero de estas mejores pr\u00e1cticas con el fin de responder a las crisis mundiales de la vivienda y el clima.<\/p>\n<p><strong>Informaci\u00f3n sobre el evento<\/strong>\u00a0:<br class=\"autobr\" \/><strong>Conferencia p\u00fablica<\/strong>\u00a0:\u00a0<a class=\"spip_out\" href=\"https:\/\/urbamonde.org\/es\/conferencia-la-produccion-social-del-habitat-en-todo-el-mundo\/\" target=\"_blank\" rel=\"noopener noreferrer external\"><strong>La producci\u00f3n social del h\u00e1bitat en todo el mundo<\/strong><\/a><br class=\"autobr\" \/><strong>de la Fecha y la hora<\/strong>\u00a0: 1 de octubre de 2024, 18h30 \u2013 20h30 ESTE<br class=\"autobr\" \/><strong>Lugar<\/strong>\u00a0: Uni Correo de la habitaci\u00f3n, MR280, de la Universidad de Ginebra<\/p>\n<p>Para cualquier informaci\u00f3n adicional o una reuni\u00f3n o una entrevista con nuestro invitado\u00b7es, don&rsquo;t dude en ponerse en contacto\u00a0:<\/p>\n<p>Nadia Gianoli<br class=\"autobr\" \/>Gerente de comunicaci\u00f3n<br class=\"autobr\" \/><a class=\"spip_mail\" href=\"mailto:nadia.gianoli@urbamonde.org\">nadia.gianoli@urbamonde.org<\/a><br class=\"autobr\" \/>+41 76 679 8380<\/p>\n<hr class=\"spip\" \/>\n<p><strong>Lista de participantes<\/strong>\u00a0:<\/p>\n<div class=\"spip_document_645 spip_document spip_documents spip_document_file spip_document_avec_legende\" data-legende-len=\"48\" data-legende-lenx=\"x\">\n<figure class=\"spip_doc_inner\"><a class=\"spip_doc_lien\" title=\"PDF - 58.7 ko\" href=\"https:\/\/urbamonde.org\/IMG\/pdf\/240920_list_of_participants_cohabitat_meeting_30.09-04.10_2024.pdf\" type=\"application\/pdf\"><img decoding=\"async\" src=\"https:\/\/urbamonde.org\/plugins-dist\/medias\/prive\/vignettes\/pdf.svg\" alt=\"\" width=\"64\" height=\"64\" \/><\/a><figcaption class=\"spip_doc_legende\">\n<div class=\"spip_doc_titre\"><strong>Lista de participantes de la Reuni\u00f3n CoHabitat 2024<\/strong><\/div>\n<\/figcaption><\/figure>\n<\/div>\n<hr class=\"spip\" \/>\n<p><strong>UrbaMonde<\/strong><br class=\"autobr\" \/>UrbaMonde es una asociaci\u00f3n franco-suiza, que promueve el papel de los habitante\u00b7es en la producci\u00f3n de una ciudad que es incluyente y sostenible. Su misi\u00f3n es apoyar y fortalecer la capacidad de actuar de los grupos c\u00e1pita\u00b7es organizado y apoyo de los socios t\u00e9cnicos en la producci\u00f3n de la ciudad y de sus habitantes\u00b7es.<br class=\"autobr\" \/>UrbaMonde es a nivel internacional a trav\u00e9s de proyectos de cooperaci\u00f3n en Am\u00e9rica latina, \u00c1frica y Asia. La asociaci\u00f3n tambi\u00e9n coordina la Red CoHabitat compone de treinta organizaciones de la sociedad civil activas en la promoci\u00f3n y aplicaci\u00f3n de la Producci\u00f3n Social del H\u00e1bitat en todo el mundo.<\/p>\n<p><strong>Red CoHabitat<\/strong><br class=\"autobr\" \/>La Red CoHabitat es una red informal, sin \u00e1nimo de lucro de organizaciones de la sociedad civil y sus aliados, que promueven soluciones tra\u00eddo por las comunidades en respuesta a los eventos de global y local de la crisis de la vivienda. Representa un movimiento global de los actores en la PSH a trav\u00e9s del intercambio de experiencias, documentaci\u00f3n, investigaci\u00f3n, defensa y promoci\u00f3n en com\u00fan.<\/p>\n<p><strong>La Producci\u00f3n Social de vivienda (PSH)<\/strong><br class=\"autobr\" \/>La PSH es un proceso por el cual el habitante\u00b7es jugar un papel de liderazgo en la satisfacci\u00f3n de sus necesidades de vivienda. Con el apoyo de otros actores, pueden unir sus fuerzas para planificar, financiar, construir o renovar y gestionar colectivamente la vivienda, espacios p\u00fablicos y equipamientos. Por ello, el ejercicio de su Derecho a la Ciudad y la influencia de su entorno construido con el fin de hacerla sostenible, asequible y segura para las generaciones futuras.<\/p>\n<hr class=\"spip\" \/>\n<div class=\"spip_document_642 spip_document spip_documents spip_document_image spip_documents_center spip_document_center\">\n<figure class=\"spip_doc_inner\"><a class=\"spip_doc_lien mediabox\" href=\"https:\/\/urbamonde.org\/IMG\/png\/conference10-final-a5-fr.png\" type=\"image\/png\"><img fetchpriority=\"high\" decoding=\"async\" src=\"https:\/\/urbamonde.org\/IMG\/png\/conference10-final-a5-fr.png\" alt=\"\" width=\"1748\" height=\"2480\" \/><\/a><\/figure>\n<\/div>","protected":false},"excerpt":{"rendered":"<p>La celebraci\u00f3n de una d\u00e9cada de la innovaci\u00f3n en el h\u00e1bitat participativo y cooperativo de la Reuni\u00f3n anual de la Red CoHabitat en Ginebra &nbsp; Comunicado de prensa, 24 de septiembre de 2024 Ginebra, Suiza\u00a0\u2013 La Red CoHabitat celebrar\u00e1 su 10\u00ba aniversario con una gran reuni\u00f3n mundial en la defensa del derecho a la vivienda [&hellip;]<\/p>","protected":false},"author":5,"featured_media":573,"comment_status":"open","ping_status":"open","sticky":false,"template":"","format":"standard","meta":{"footnotes":""},"categories":[91],"tags":[],"class_list":["post-3588","post","type-post","status-publish","format-standard","has-post-thumbnail","hentry","category-evento"],"acf":[],"yoast_head":"<!-- This site is optimized with the Yoast SEO plugin v27.4 - https:\/\/yoast.com\/product\/yoast-seo-wordpress\/ -->\n<title>Comunicado de prensa : Una d\u00e9cada de la innovaci\u00f3n en el h\u00e1bitat participativo y cooperativo - urbaMonde<\/title>\n<meta name=\"robots\" content=\"index, follow, max-snippet:-1, max-image-preview:large, max-video-preview:-1\" \/>\n<link rel=\"canonical\" href=\"https:\/\/urbamonde.org\/es\/comunicado-de-prensa-una-decada-de-la-innovacion-en-el-habitat-participativo-y-cooperativo\/\" \/>\n<meta property=\"og:locale\" content=\"es_ES\" \/>\n<meta property=\"og:type\" content=\"article\" \/>\n<meta property=\"og:title\" content=\"Comunicado de prensa : Una d\u00e9cada de la innovaci\u00f3n en el h\u00e1bitat participativo y cooperativo - urbaMonde\" \/>\n<meta property=\"og:description\" content=\"La celebraci\u00f3n de una d\u00e9cada de la innovaci\u00f3n en el h\u00e1bitat participativo y cooperativo de la Reuni\u00f3n anual de la Red CoHabitat en Ginebra &nbsp; Comunicado de prensa, 24 de septiembre de 2024 Ginebra, Suiza\u00a0\u2013 La Red CoHabitat celebrar\u00e1 su 10\u00ba aniversario con una gran reuni\u00f3n mundial en la defensa del derecho a la vivienda [&hellip;]\" \/>\n<meta property=\"og:url\" content=\"https:\/\/urbamonde.org\/es\/comunicado-de-prensa-una-decada-de-la-innovacion-en-el-habitat-participativo-y-cooperativo\/\" \/>\n<meta property=\"og:site_name\" content=\"urbaMonde\" \/>\n<meta property=\"article:publisher\" content=\"https:\/\/www.facebook.com\/urbaMonde\/\" \/>\n<meta property=\"article:published_time\" content=\"2024-09-24T10:20:17+00:00\" \/>\n<meta property=\"article:modified_time\" content=\"2026-01-15T14:31:06+00:00\" \/>\n<meta property=\"og:image\" content=\"https:\/\/urbamonde.org\/wp-content\/uploads\/2024\/10\/210c8464c7603a94a1406973742569.png\" \/>\n\t<meta property=\"og:image:width\" content=\"690\" \/>\n\t<meta property=\"og:image:height\" content=\"435\" \/>\n\t<meta property=\"og:image:type\" content=\"image\/png\" \/>\n<meta name=\"author\" content=\"njato\" \/>\n<meta name=\"twitter:card\" content=\"summary_large_image\" \/>\n<meta name=\"twitter:label1\" content=\"Escrito por\" \/>\n\t<meta name=\"twitter:data1\" content=\"njato\" \/>\n\t<meta name=\"twitter:label2\" content=\"Tiempo de lectura\" \/>\n\t<meta name=\"twitter:data2\" content=\"4 minutos\" \/>\n<script type=\"application\/ld+json\" class=\"yoast-schema-graph\">{\"@context\":\"https:\\\/\\\/schema.org\",\"@graph\":[{\"@type\":\"Article\",\"@id\":\"https:\\\/\\\/urbamonde.org\\\/es\\\/comunicado-de-prensa-una-decada-de-la-innovacion-en-el-habitat-participativo-y-cooperativo\\\/#article\",\"isPartOf\":{\"@id\":\"https:\\\/\\\/urbamonde.org\\\/es\\\/comunicado-de-prensa-una-decada-de-la-innovacion-en-el-habitat-participativo-y-cooperativo\\\/\"},\"author\":{\"name\":\"njato\",\"@id\":\"https:\\\/\\\/urbamonde.org\\\/es\\\/#\\\/schema\\\/person\\\/d1fa8d0b4d40c7f1933d29ab86a485f5\"},\"headline\":\"Comunicado de prensa : Una d\u00e9cada de la innovaci\u00f3n en el h\u00e1bitat participativo y cooperativo\",\"datePublished\":\"2024-09-24T10:20:17+00:00\",\"dateModified\":\"2026-01-15T14:31:06+00:00\",\"mainEntityOfPage\":{\"@id\":\"https:\\\/\\\/urbamonde.org\\\/es\\\/comunicado-de-prensa-una-decada-de-la-innovacion-en-el-habitat-participativo-y-cooperativo\\\/\"},\"wordCount\":788,\"commentCount\":0,\"publisher\":{\"@id\":\"https:\\\/\\\/urbamonde.org\\\/es\\\/#organization\"},\"image\":{\"@id\":\"https:\\\/\\\/urbamonde.org\\\/es\\\/comunicado-de-prensa-una-decada-de-la-innovacion-en-el-habitat-participativo-y-cooperativo\\\/#primaryimage\"},\"thumbnailUrl\":\"https:\\\/\\\/urbamonde.org\\\/wp-content\\\/uploads\\\/2024\\\/10\\\/210c8464c7603a94a1406973742569.png\",\"articleSection\":[\"Evento\"],\"inLanguage\":\"es\",\"potentialAction\":[{\"@type\":\"CommentAction\",\"name\":\"Comment\",\"target\":[\"https:\\\/\\\/urbamonde.org\\\/es\\\/comunicado-de-prensa-una-decada-de-la-innovacion-en-el-habitat-participativo-y-cooperativo\\\/#respond\"]}]},{\"@type\":\"WebPage\",\"@id\":\"https:\\\/\\\/urbamonde.org\\\/es\\\/comunicado-de-prensa-una-decada-de-la-innovacion-en-el-habitat-participativo-y-cooperativo\\\/\",\"url\":\"https:\\\/\\\/urbamonde.org\\\/es\\\/comunicado-de-prensa-una-decada-de-la-innovacion-en-el-habitat-participativo-y-cooperativo\\\/\",\"name\":\"Comunicado de prensa : Una d\u00e9cada de la innovaci\u00f3n en el h\u00e1bitat participativo y cooperativo - urbaMonde\",\"isPartOf\":{\"@id\":\"https:\\\/\\\/urbamonde.org\\\/es\\\/#website\"},\"primaryImageOfPage\":{\"@id\":\"https:\\\/\\\/urbamonde.org\\\/es\\\/comunicado-de-prensa-una-decada-de-la-innovacion-en-el-habitat-participativo-y-cooperativo\\\/#primaryimage\"},\"image\":{\"@id\":\"https:\\\/\\\/urbamonde.org\\\/es\\\/comunicado-de-prensa-una-decada-de-la-innovacion-en-el-habitat-participativo-y-cooperativo\\\/#primaryimage\"},\"thumbnailUrl\":\"https:\\\/\\\/urbamonde.org\\\/wp-content\\\/uploads\\\/2024\\\/10\\\/210c8464c7603a94a1406973742569.png\",\"datePublished\":\"2024-09-24T10:20:17+00:00\",\"dateModified\":\"2026-01-15T14:31:06+00:00\",\"breadcrumb\":{\"@id\":\"https:\\\/\\\/urbamonde.org\\\/es\\\/comunicado-de-prensa-una-decada-de-la-innovacion-en-el-habitat-participativo-y-cooperativo\\\/#breadcrumb\"},\"inLanguage\":\"es\",\"potentialAction\":[{\"@type\":\"ReadAction\",\"target\":[\"https:\\\/\\\/urbamonde.org\\\/es\\\/comunicado-de-prensa-una-decada-de-la-innovacion-en-el-habitat-participativo-y-cooperativo\\\/\"]}]},{\"@type\":\"ImageObject\",\"inLanguage\":\"es\",\"@id\":\"https:\\\/\\\/urbamonde.org\\\/es\\\/comunicado-de-prensa-una-decada-de-la-innovacion-en-el-habitat-participativo-y-cooperativo\\\/#primaryimage\",\"url\":\"https:\\\/\\\/urbamonde.org\\\/wp-content\\\/uploads\\\/2024\\\/10\\\/210c8464c7603a94a1406973742569.png\",\"contentUrl\":\"https:\\\/\\\/urbamonde.org\\\/wp-content\\\/uploads\\\/2024\\\/10\\\/210c8464c7603a94a1406973742569.png\",\"width\":690,\"height\":435},{\"@type\":\"BreadcrumbList\",\"@id\":\"https:\\\/\\\/urbamonde.org\\\/es\\\/comunicado-de-prensa-una-decada-de-la-innovacion-en-el-habitat-participativo-y-cooperativo\\\/#breadcrumb\",\"itemListElement\":[{\"@type\":\"ListItem\",\"position\":1,\"name\":\"Accueil\",\"item\":\"https:\\\/\\\/urbamonde.org\\\/es\\\/\"},{\"@type\":\"ListItem\",\"position\":2,\"name\":\"Comunicado de prensa : Una d\u00e9cada de la innovaci\u00f3n en el h\u00e1bitat participativo y cooperativo\"}]},{\"@type\":\"WebSite\",\"@id\":\"https:\\\/\\\/urbamonde.org\\\/es\\\/#website\",\"url\":\"https:\\\/\\\/urbamonde.org\\\/es\\\/\",\"name\":\"urbaMonde\",\"description\":\"des villes durables par et pour les habitant\u00b7es\",\"publisher\":{\"@id\":\"https:\\\/\\\/urbamonde.org\\\/es\\\/#organization\"},\"potentialAction\":[{\"@type\":\"SearchAction\",\"target\":{\"@type\":\"EntryPoint\",\"urlTemplate\":\"https:\\\/\\\/urbamonde.org\\\/es\\\/?s={search_term_string}\"},\"query-input\":{\"@type\":\"PropertyValueSpecification\",\"valueRequired\":true,\"valueName\":\"search_term_string\"}}],\"inLanguage\":\"es\"},{\"@type\":\"Organization\",\"@id\":\"https:\\\/\\\/urbamonde.org\\\/es\\\/#organization\",\"name\":\"urbaMonde\",\"url\":\"https:\\\/\\\/urbamonde.org\\\/es\\\/\",\"logo\":{\"@type\":\"ImageObject\",\"inLanguage\":\"es\",\"@id\":\"https:\\\/\\\/urbamonde.org\\\/es\\\/#\\\/schema\\\/logo\\\/image\\\/\",\"url\":\"https:\\\/\\\/urbamonde.org\\\/wp-content\\\/uploads\\\/2024\\\/10\\\/logo-urbamonde-fr.png\",\"contentUrl\":\"https:\\\/\\\/urbamonde.org\\\/wp-content\\\/uploads\\\/2024\\\/10\\\/logo-urbamonde-fr.png\",\"width\":271,\"height\":65,\"caption\":\"urbaMonde\"},\"image\":{\"@id\":\"https:\\\/\\\/urbamonde.org\\\/es\\\/#\\\/schema\\\/logo\\\/image\\\/\"},\"sameAs\":[\"https:\\\/\\\/www.facebook.com\\\/urbaMonde\\\/\",\"https:\\\/\\\/www.linkedin.com\\\/company\\\/urbamonde\",\"https:\\\/\\\/www.instagram.com\\\/urba.monde\\\/\"]},{\"@type\":\"Person\",\"@id\":\"https:\\\/\\\/urbamonde.org\\\/es\\\/#\\\/schema\\\/person\\\/d1fa8d0b4d40c7f1933d29ab86a485f5\",\"name\":\"njato\",\"image\":{\"@type\":\"ImageObject\",\"inLanguage\":\"es\",\"@id\":\"https:\\\/\\\/secure.gravatar.com\\\/avatar\\\/fb7975e14d19cd4d63178b531e1a3e74cc198f3ac6d3e7d44f7b0d7871bcc97b?s=96&d=mm&r=g\",\"url\":\"https:\\\/\\\/secure.gravatar.com\\\/avatar\\\/fb7975e14d19cd4d63178b531e1a3e74cc198f3ac6d3e7d44f7b0d7871bcc97b?s=96&d=mm&r=g\",\"contentUrl\":\"https:\\\/\\\/secure.gravatar.com\\\/avatar\\\/fb7975e14d19cd4d63178b531e1a3e74cc198f3ac6d3e7d44f7b0d7871bcc97b?s=96&d=mm&r=g\",\"caption\":\"njato\"},\"url\":\"https:\\\/\\\/urbamonde.org\\\/es\\\/author\\\/njato\\\/\"}]}<\/script>\n<!-- \/ Yoast SEO plugin. -->","yoast_head_json":{"title":"Comunicado de prensa : Una d\u00e9cada de la innovaci\u00f3n en el h\u00e1bitat participativo y cooperativo - urbaMonde","robots":{"index":"index","follow":"follow","max-snippet":"max-snippet:-1","max-image-preview":"max-image-preview:large","max-video-preview":"max-video-preview:-1"},"canonical":"https:\/\/urbamonde.org\/es\/comunicado-de-prensa-una-decada-de-la-innovacion-en-el-habitat-participativo-y-cooperativo\/","og_locale":"es_ES","og_type":"article","og_title":"Comunicado de prensa : Una d\u00e9cada de la innovaci\u00f3n en el h\u00e1bitat participativo y cooperativo - urbaMonde","og_description":"La celebraci\u00f3n de una d\u00e9cada de la innovaci\u00f3n en el h\u00e1bitat participativo y cooperativo de la Reuni\u00f3n anual de la Red CoHabitat en Ginebra &nbsp; Comunicado de prensa, 24 de septiembre de 2024 Ginebra, Suiza\u00a0\u2013 La Red CoHabitat celebrar\u00e1 su 10\u00ba aniversario con una gran reuni\u00f3n mundial en la defensa del derecho a la vivienda [&hellip;]","og_url":"https:\/\/urbamonde.org\/es\/comunicado-de-prensa-una-decada-de-la-innovacion-en-el-habitat-participativo-y-cooperativo\/","og_site_name":"urbaMonde","article_publisher":"https:\/\/www.facebook.com\/urbaMonde\/","article_published_time":"2024-09-24T10:20:17+00:00","article_modified_time":"2026-01-15T14:31:06+00:00","og_image":[{"width":690,"height":435,"url":"https:\/\/urbamonde.org\/wp-content\/uploads\/2024\/10\/210c8464c7603a94a1406973742569.png","type":"image\/png"}],"author":"njato","twitter_card":"summary_large_image","twitter_misc":{"Escrito por":"njato","Tiempo de lectura":"4 minutos"},"schema":{"@context":"https:\/\/schema.org","@graph":[{"@type":"Article","@id":"https:\/\/urbamonde.org\/es\/comunicado-de-prensa-una-decada-de-la-innovacion-en-el-habitat-participativo-y-cooperativo\/#article","isPartOf":{"@id":"https:\/\/urbamonde.org\/es\/comunicado-de-prensa-una-decada-de-la-innovacion-en-el-habitat-participativo-y-cooperativo\/"},"author":{"name":"njato","@id":"https:\/\/urbamonde.org\/es\/#\/schema\/person\/d1fa8d0b4d40c7f1933d29ab86a485f5"},"headline":"Comunicado de prensa : Una d\u00e9cada de la innovaci\u00f3n en el h\u00e1bitat participativo y cooperativo","datePublished":"2024-09-24T10:20:17+00:00","dateModified":"2026-01-15T14:31:06+00:00","mainEntityOfPage":{"@id":"https:\/\/urbamonde.org\/es\/comunicado-de-prensa-una-decada-de-la-innovacion-en-el-habitat-participativo-y-cooperativo\/"},"wordCount":788,"commentCount":0,"publisher":{"@id":"https:\/\/urbamonde.org\/es\/#organization"},"image":{"@id":"https:\/\/urbamonde.org\/es\/comunicado-de-prensa-una-decada-de-la-innovacion-en-el-habitat-participativo-y-cooperativo\/#primaryimage"},"thumbnailUrl":"https:\/\/urbamonde.org\/wp-content\/uploads\/2024\/10\/210c8464c7603a94a1406973742569.png","articleSection":["Evento"],"inLanguage":"es","potentialAction":[{"@type":"CommentAction","name":"Comment","target":["https:\/\/urbamonde.org\/es\/comunicado-de-prensa-una-decada-de-la-innovacion-en-el-habitat-participativo-y-cooperativo\/#respond"]}]},{"@type":"WebPage","@id":"https:\/\/urbamonde.org\/es\/comunicado-de-prensa-una-decada-de-la-innovacion-en-el-habitat-participativo-y-cooperativo\/","url":"https:\/\/urbamonde.org\/es\/comunicado-de-prensa-una-decada-de-la-innovacion-en-el-habitat-participativo-y-cooperativo\/","name":"Comunicado de prensa : Una d\u00e9cada de la innovaci\u00f3n en el h\u00e1bitat participativo y cooperativo - urbaMonde","isPartOf":{"@id":"https:\/\/urbamonde.org\/es\/#website"},"primaryImageOfPage":{"@id":"https:\/\/urbamonde.org\/es\/comunicado-de-prensa-una-decada-de-la-innovacion-en-el-habitat-participativo-y-cooperativo\/#primaryimage"},"image":{"@id":"https:\/\/urbamonde.org\/es\/comunicado-de-prensa-una-decada-de-la-innovacion-en-el-habitat-participativo-y-cooperativo\/#primaryimage"},"thumbnailUrl":"https:\/\/urbamonde.org\/wp-content\/uploads\/2024\/10\/210c8464c7603a94a1406973742569.png","datePublished":"2024-09-24T10:20:17+00:00","dateModified":"2026-01-15T14:31:06+00:00","breadcrumb":{"@id":"https:\/\/urbamonde.org\/es\/comunicado-de-prensa-una-decada-de-la-innovacion-en-el-habitat-participativo-y-cooperativo\/#breadcrumb"},"inLanguage":"es","potentialAction":[{"@type":"ReadAction","target":["https:\/\/urbamonde.org\/es\/comunicado-de-prensa-una-decada-de-la-innovacion-en-el-habitat-participativo-y-cooperativo\/"]}]},{"@type":"ImageObject","inLanguage":"es","@id":"https:\/\/urbamonde.org\/es\/comunicado-de-prensa-una-decada-de-la-innovacion-en-el-habitat-participativo-y-cooperativo\/#primaryimage","url":"https:\/\/urbamonde.org\/wp-content\/uploads\/2024\/10\/210c8464c7603a94a1406973742569.png","contentUrl":"https:\/\/urbamonde.org\/wp-content\/uploads\/2024\/10\/210c8464c7603a94a1406973742569.png","width":690,"height":435},{"@type":"BreadcrumbList","@id":"https:\/\/urbamonde.org\/es\/comunicado-de-prensa-una-decada-de-la-innovacion-en-el-habitat-participativo-y-cooperativo\/#breadcrumb","itemListElement":[{"@type":"ListItem","position":1,"name":"Accueil","item":"https:\/\/urbamonde.org\/es\/"},{"@type":"ListItem","position":2,"name":"Comunicado de prensa : Una d\u00e9cada de la innovaci\u00f3n en el h\u00e1bitat participativo y cooperativo"}]},{"@type":"WebSite","@id":"https:\/\/urbamonde.org\/es\/#website","url":"https:\/\/urbamonde.org\/es\/","name":"urbaMonde","description":"des villes durables par et pour les habitant\u00b7es","publisher":{"@id":"https:\/\/urbamonde.org\/es\/#organization"},"potentialAction":[{"@type":"SearchAction","target":{"@type":"EntryPoint","urlTemplate":"https:\/\/urbamonde.org\/es\/?s={search_term_string}"},"query-input":{"@type":"PropertyValueSpecification","valueRequired":true,"valueName":"search_term_string"}}],"inLanguage":"es"},{"@type":"Organization","@id":"https:\/\/urbamonde.org\/es\/#organization","name":"urbaMonde","url":"https:\/\/urbamonde.org\/es\/","logo":{"@type":"ImageObject","inLanguage":"es","@id":"https:\/\/urbamonde.org\/es\/#\/schema\/logo\/image\/","url":"https:\/\/urbamonde.org\/wp-content\/uploads\/2024\/10\/logo-urbamonde-fr.png","contentUrl":"https:\/\/urbamonde.org\/wp-content\/uploads\/2024\/10\/logo-urbamonde-fr.png","width":271,"height":65,"caption":"urbaMonde"},"image":{"@id":"https:\/\/urbamonde.org\/es\/#\/schema\/logo\/image\/"},"sameAs":["https:\/\/www.facebook.com\/urbaMonde\/","https:\/\/www.linkedin.com\/company\/urbamonde","https:\/\/www.instagram.com\/urba.monde\/"]},{"@type":"Person","@id":"https:\/\/urbamonde.org\/es\/#\/schema\/person\/d1fa8d0b4d40c7f1933d29ab86a485f5","name":"njato","image":{"@type":"ImageObject","inLanguage":"es","@id":"https:\/\/secure.gravatar.com\/avatar\/fb7975e14d19cd4d63178b531e1a3e74cc198f3ac6d3e7d44f7b0d7871bcc97b?s=96&d=mm&r=g","url":"https:\/\/secure.gravatar.com\/avatar\/fb7975e14d19cd4d63178b531e1a3e74cc198f3ac6d3e7d44f7b0d7871bcc97b?s=96&d=mm&r=g","contentUrl":"https:\/\/secure.gravatar.com\/avatar\/fb7975e14d19cd4d63178b531e1a3e74cc198f3ac6d3e7d44f7b0d7871bcc97b?s=96&d=mm&r=g","caption":"njato"},"url":"https:\/\/urbamonde.org\/es\/author\/njato\/"}]}},"_links":{"self":[{"href":"https:\/\/urbamonde.org\/es\/wp-json\/wp\/v2\/posts\/3588","targetHints":{"allow":["GET"]}}],"collection":[{"href":"https:\/\/urbamonde.org\/es\/wp-json\/wp\/v2\/posts"}],"about":[{"href":"https:\/\/urbamonde.org\/es\/wp-json\/wp\/v2\/types\/post"}],"author":[{"embeddable":true,"href":"https:\/\/urbamonde.org\/es\/wp-json\/wp\/v2\/users\/5"}],"replies":[{"embeddable":true,"href":"https:\/\/urbamonde.org\/es\/wp-json\/wp\/v2\/comments?post=3588"}],"version-history":[{"count":2,"href":"https:\/\/urbamonde.org\/es\/wp-json\/wp\/v2\/posts\/3588\/revisions"}],"predecessor-version":[{"id":4877,"href":"https:\/\/urbamonde.org\/es\/wp-json\/wp\/v2\/posts\/3588\/revisions\/4877"}],"wp:featuredmedia":[{"embeddable":true,"href":"https:\/\/urbamonde.org\/es\/wp-json\/wp\/v2\/media\/573"}],"wp:attachment":[{"href":"https:\/\/urbamonde.org\/es\/wp-json\/wp\/v2\/media?parent=3588"}],"wp:term":[{"taxonomy":"category","embeddable":true,"href":"https:\/\/urbamonde.org\/es\/wp-json\/wp\/v2\/categories?post=3588"},{"taxonomy":"post_tag","embeddable":true,"href":"https:\/\/urbamonde.org\/es\/wp-json\/wp\/v2\/tags?post=3588"}],"curies":[{"name":"wp","href":"https:\/\/api.w.org\/{rel}","templated":true}]}}