{"id":5182,"date":"2026-03-23T13:47:32","date_gmt":"2026-03-23T12:47:32","guid":{"rendered":"https:\/\/urbamonde.org\/?p=5182"},"modified":"2026-03-23T14:27:30","modified_gmt":"2026-03-23T13:27:30","slug":"participacion-en-el-seminario-una-vision-compartida-de-un-proyecto-de-vivienda-digna-para-2035","status":"publish","type":"post","link":"https:\/\/urbamonde.org\/es\/participacion-en-el-seminario-una-vision-compartida-de-un-proyecto-de-vivienda-digna-para-2035\/","title":{"rendered":"Participaci\u00f3n en el seminario: \u00abUna visi\u00f3n compartida de un proyecto de vivienda digna para 2035\u00bb"},"content":{"rendered":"<div data-elementor-type=\"wp-post\" data-elementor-id=\"5182\" class=\"elementor elementor-5182\" data-elementor-post-type=\"post\">\n\t\t\t\t<div class=\"elementor-element elementor-element-b8de224 e-flex e-con-boxed e-con e-parent\" data-id=\"b8de224\" data-element_type=\"container\" data-e-type=\"container\">\n\t\t\t\t\t<div class=\"e-con-inner\">\n\t\t\t\t<div class=\"elementor-element elementor-element-f81a8e7 elementor-widget elementor-widget-heading\" data-id=\"f81a8e7\" data-element_type=\"widget\" data-e-type=\"widget\" data-widget_type=\"heading.default\">\n\t\t\t\t<div class=\"elementor-widget-container\">\n\t\t\t\t\t<h2 class=\"elementor-heading-title elementor-size-default\"><a href=\"\">Tres d\u00edas de encuentros y reflexi\u00f3n para imaginar juntos el hogar digno del futuro.<\/a><\/h2>\t\t\t\t<\/div>\n\t\t\t\t<\/div>\n\t\t\t\t<div class=\"elementor-element elementor-element-1a2a949 elementor-widget elementor-widget-text-editor\" data-id=\"1a2a949\" data-element_type=\"widget\" data-e-type=\"widget\" data-widget_type=\"text-editor.default\">\n\t\t\t\t<div class=\"elementor-widget-container\">\n\t\t\t\t\t\t\t\t\t<p>En el marco de sus proyectos financiados por la <a href=\"https:\/\/www.fondationpourlelogement.fr\/\">Fundaci\u00f3n para la Vivienda<\/a> (FLD), urbaMonde fue invitada a participar en una reuni\u00f3n presencial en Par\u00eds. As\u00ed, los d\u00edas 27, 28 y 29 de enero de 2026, nuestras responsables de proyecto, B\u00e9n\u00e9dicte y Alessia, participaron en el seminario titulado \u00abVisi\u00f3n compartida de un proyecto de vivienda digna y satisfactoria para 2035\u00bb, organizado por la FLD y <a href=\"https:\/\/craterre.org\/\">CRAterre<\/a>.<\/p>\t\t\t\t\t\t\t\t<\/div>\n\t\t\t\t<\/div>\n\t\t\t\t<div class=\"elementor-element elementor-element-b2a3358 elementor-widget elementor-widget-image\" data-id=\"b2a3358\" data-element_type=\"widget\" data-e-type=\"widget\" data-widget_type=\"image.default\">\n\t\t\t\t<div class=\"elementor-widget-container\">\n\t\t\t\t\t\t\t\t\t\t\t\t<figure class=\"wp-caption\">\n\t\t\t\t\t\t\t\t\t\t<img fetchpriority=\"high\" decoding=\"async\" width=\"800\" height=\"556\" src=\"https:\/\/urbamonde.org\/wp-content\/uploads\/2026\/03\/IMG_5727_best-recadre-1024x712.jpeg\" class=\"attachment-large size-large wp-image-5429\" alt=\"\" srcset=\"https:\/\/urbamonde.org\/wp-content\/uploads\/2026\/03\/IMG_5727_best-recadre-1024x712.jpeg 1024w, https:\/\/urbamonde.org\/wp-content\/uploads\/2026\/03\/IMG_5727_best-recadre-300x209.jpeg 300w, https:\/\/urbamonde.org\/wp-content\/uploads\/2026\/03\/IMG_5727_best-recadre-768x534.jpeg 768w, https:\/\/urbamonde.org\/wp-content\/uploads\/2026\/03\/IMG_5727_best-recadre-18x12.jpeg 18w, https:\/\/urbamonde.org\/wp-content\/uploads\/2026\/03\/IMG_5727_best-recadre.jpeg 1280w\" sizes=\"(max-width: 800px) 100vw, 800px\" \/>\t\t\t\t\t\t\t\t\t\t\t<figcaption class=\"widget-image-caption wp-caption-text\">Los participantes en el seminario \u00abVisi\u00f3n compartida de un proyecto de vivienda digna para 2035\u00bb, Par\u00eds, enero de 2026<\/figcaption>\n\t\t\t\t\t\t\t\t\t\t<\/figure>\n\t\t\t\t\t\t\t\t\t<\/div>\n\t\t\t\t<\/div>\n\t\t\t\t<div class=\"elementor-element elementor-element-a03421e elementor-widget elementor-widget-text-editor\" data-id=\"a03421e\" data-element_type=\"widget\" data-e-type=\"widget\" data-widget_type=\"text-editor.default\">\n\t\t\t\t<div class=\"elementor-widget-container\">\n\t\t\t\t\t\t\t\t\t<p data-start=\"3929\" data-end=\"4168\">Este seminario formaba parte de un proceso m\u00e1s amplio, llevado a cabo durante los meses anteriores, a trav\u00e9s de una serie de seminarios web organizados en el marco de la comunidad de pr\u00e1cticas Housing Learning Lab. En esta ocasi\u00f3n, las organizaciones asociadas a la FLD, con el apoyo del equipo de CRAterre, iniciaron una reflexi\u00f3n colectiva en torno a los retos de la vivienda y las pr\u00e1cticas en los proyectos de cooperaci\u00f3n internacional. La reuni\u00f3n de Par\u00eds constituy\u00f3 un momento clave para hacer balance de estos intercambios y profundizar en el trabajo iniciado.<\/p><p data-start=\"3929\" data-end=\"4168\">Durante tres d\u00edas, m\u00e1s de una decena de organizaciones se reunieron para avanzar en la formulaci\u00f3n de una visi\u00f3n com\u00fan capaz de orientar las pr\u00e1cticas cotidianas. El objetivo era construir conjuntamente una definici\u00f3n compartida de lo que significa una vivienda digna de aqu\u00ed a 2035 e identificar las transformaciones necesarias para lograrlo.<\/p><p data-start=\"3929\" data-end=\"4168\">Los debates se centraron en tres temas principales: la localizaci\u00f3n, el cambio clim\u00e1tico y las desigualdades de g\u00e9nero. La primera jornada del seminario se dedic\u00f3 a identificar recursos comunes que sirvieran de base para la reflexi\u00f3n.\u00a0<span style=\"box-sizing: border-box; margin: 0px; padding: 0px;\">La segunda jornada permiti\u00f3 profundizar en las desigualdades de g\u00e9nero en el \u00e1mbito de la vivienda, con el apoyo del equipo de\u00a0<a target=\"_blank\" rel=\"noopener\">F3E<\/a>, a fin de comprender mejor estos retos e identificar v\u00edas de evoluci\u00f3n concretas.<\/span> Por \u00faltimo, la tercera jornada se dedic\u00f3 a consolidar la visi\u00f3n compartida y a realizar una primera reflexi\u00f3n sobre las herramientas necesarias para su puesta en pr\u00e1ctica.<\/p><p data-start=\"3929\" data-end=\"4168\">El seminario combin\u00f3 trabajos en subgrupos y presentaciones de pr\u00e1cticas y de \u00abherramientas r\u00e1pidas\u00bb, que ilustraban una amplia variedad de m\u00e9todos aplicables a diferentes etapas de los proyectos de cooperaci\u00f3n. Esta din\u00e1mica actividad permiti\u00f3 a los participantes descubrir m\u00e9todos concretos desarrollados por otras organizaciones, como el Diagn\u00f3stico participativo de g\u00e9nero, presentado por Habitat-Cit\u00e9. urbaMonde present\u00f3 la <em>Red CoHabitat<\/em> y el <em>Fondo rotatorio para la renovaci\u00f3n urbana<\/em>, as\u00ed como la <em>Federaci\u00f3n Senegalesa de Habitantes<\/em> (FSH), en colaboraci\u00f3n con la organizaci\u00f3n urbaSEN.<\/p><p data-start=\"3929\" data-end=\"4168\">Los debates han puesto de manifiesto varias orientaciones concretas para los proyectos futuros: reforzar la colaboraci\u00f3n y las alianzas entre socios, fomentar el intercambio de conocimientos, desmontar las relaciones de poder, potenciar los enfoques territoriales adaptados a los contextos locales e integrar sistem\u00e1ticamente la igualdad de g\u00e9nero y las cuestiones clim\u00e1ticas en las pr\u00e1cticas.<\/p><p data-start=\"3929\" data-end=\"4168\">El trabajo iniciado continuar\u00e1 en los pr\u00f3ximos meses mediante intercambios a distancia y la formalizaci\u00f3n de una visi\u00f3n compartida de la vivienda digna para el a\u00f1o 2035. Este proceso permitir\u00e1 asimismo identificar los cambios que deben introducirse en las pr\u00e1cticas actuales, as\u00ed como los indicadores necesarios para garantizar su seguimiento.<\/p><p data-start=\"3929\" data-end=\"4168\">En un contexto en el que la cooperaci\u00f3n y la solidaridad internacionales se ven amenazadas, estos tres d\u00edas han supuesto un impulso importante y un gran avance. Han servido para recordar que muchas organizaciones se enfrentan a retos similares y que la puesta en com\u00fan de recursos y experiencias es esencial para superarlos.<\/p><p data-start=\"3929\" data-end=\"4168\">Por \u00faltimo, los encuentros presenciales han constituido un momento clave para reforzar los v\u00ednculos entre socios que suelen colaborar a distancia y para coordinar los esfuerzos en torno a objetivos comunes. Estos intercambios tambi\u00e9n han permitido dar m\u00e1s sentido al trabajo colectivo y confirmar que las contribuciones de cada uno se inscriben en una visi\u00f3n compartida y concreta.<\/p>\t\t\t\t\t\t\t\t<\/div>\n\t\t\t\t<\/div>\n\t\t\t\t\t<\/div>\n\t\t\t\t<\/div>\n\t\t\t\t<\/div>","protected":false},"excerpt":{"rendered":"<p>Tres d\u00edas de encuentros y reflexi\u00f3n para imaginar juntos el hogar digno del futuro. En el marco de sus proyectos financiados por la Fundaci\u00f3n para la Vivienda (FLD), urbaMonde fue invitada a participar en una reuni\u00f3n presencial en Par\u00eds. As\u00ed, los d\u00edas 27, 28 y 29 de enero de 2026, nuestras responsables de proyecto, B\u00e9n\u00e9dicte [&hellip;]<\/p>","protected":false},"author":4,"featured_media":5429,"comment_status":"open","ping_status":"open","sticky":false,"template":"","format":"standard","meta":{"footnotes":""},"categories":[93],"tags":[],"class_list":["post-5182","post","type-post","status-publish","format-standard","has-post-thumbnail","hentry","category-nuestros-proyectos"],"acf":[],"yoast_head":"<!-- This site is optimized with the Yoast SEO plugin v27.4 - https:\/\/yoast.com\/product\/yoast-seo-wordpress\/ -->\n<title>Participaci\u00f3n en el seminario: \u00abUna visi\u00f3n compartida de un proyecto de vivienda digna para 2035\u00bb - urbaMonde<\/title>\n<meta name=\"robots\" content=\"index, follow, max-snippet:-1, max-image-preview:large, max-video-preview:-1\" \/>\n<link rel=\"canonical\" href=\"https:\/\/urbamonde.org\/es\/participacion-en-el-seminario-una-vision-compartida-de-un-proyecto-de-vivienda-digna-para-2035\/\" \/>\n<meta property=\"og:locale\" content=\"es_ES\" \/>\n<meta property=\"og:type\" content=\"article\" \/>\n<meta property=\"og:title\" content=\"Participaci\u00f3n en el seminario: \u00abUna visi\u00f3n compartida de un proyecto de vivienda digna para 2035\u00bb - urbaMonde\" \/>\n<meta property=\"og:description\" content=\"Tres d\u00edas de encuentros y reflexi\u00f3n para imaginar juntos el hogar digno del futuro. En el marco de sus proyectos financiados por la Fundaci\u00f3n para la Vivienda (FLD), urbaMonde fue invitada a participar en una reuni\u00f3n presencial en Par\u00eds. As\u00ed, los d\u00edas 27, 28 y 29 de enero de 2026, nuestras responsables de proyecto, B\u00e9n\u00e9dicte [&hellip;]\" \/>\n<meta property=\"og:url\" content=\"https:\/\/urbamonde.org\/es\/participacion-en-el-seminario-una-vision-compartida-de-un-proyecto-de-vivienda-digna-para-2035\/\" \/>\n<meta property=\"og:site_name\" content=\"urbaMonde\" \/>\n<meta property=\"article:publisher\" content=\"https:\/\/www.facebook.com\/urbaMonde\/\" \/>\n<meta property=\"article:published_time\" content=\"2026-03-23T12:47:32+00:00\" \/>\n<meta property=\"article:modified_time\" content=\"2026-03-23T13:27:30+00:00\" \/>\n<meta property=\"og:image\" content=\"http:\/\/urbamonde.org\/wp-content\/uploads\/2026\/03\/IMG_5727_best-recadre.jpeg\" \/>\n\t<meta property=\"og:image:width\" content=\"1280\" \/>\n\t<meta property=\"og:image:height\" content=\"890\" \/>\n\t<meta property=\"og:image:type\" content=\"image\/jpeg\" \/>\n<meta name=\"author\" content=\"nadia\" \/>\n<meta name=\"twitter:card\" content=\"summary_large_image\" \/>\n<meta name=\"twitter:label1\" content=\"Escrito por\" \/>\n\t<meta name=\"twitter:data1\" content=\"nadia\" \/>\n\t<meta name=\"twitter:label2\" content=\"Tiempo de lectura\" \/>\n\t<meta name=\"twitter:data2\" content=\"3 minutos\" \/>\n<script type=\"application\/ld+json\" class=\"yoast-schema-graph\">{\"@context\":\"https:\\\/\\\/schema.org\",\"@graph\":[{\"@type\":\"Article\",\"@id\":\"https:\\\/\\\/urbamonde.org\\\/es\\\/participacion-en-el-seminario-una-vision-compartida-de-un-proyecto-de-vivienda-digna-para-2035\\\/#article\",\"isPartOf\":{\"@id\":\"https:\\\/\\\/urbamonde.org\\\/es\\\/participacion-en-el-seminario-una-vision-compartida-de-un-proyecto-de-vivienda-digna-para-2035\\\/\"},\"author\":{\"name\":\"nadia\",\"@id\":\"https:\\\/\\\/urbamonde.org\\\/es\\\/#\\\/schema\\\/person\\\/af9caa945c3a5ee1ef99754c1ef330c2\"},\"headline\":\"Participaci\u00f3n en el seminario: \u00abUna visi\u00f3n compartida de un proyecto de vivienda digna para 2035\u00bb\",\"datePublished\":\"2026-03-23T12:47:32+00:00\",\"dateModified\":\"2026-03-23T13:27:30+00:00\",\"mainEntityOfPage\":{\"@id\":\"https:\\\/\\\/urbamonde.org\\\/es\\\/participacion-en-el-seminario-una-vision-compartida-de-un-proyecto-de-vivienda-digna-para-2035\\\/\"},\"wordCount\":712,\"commentCount\":0,\"publisher\":{\"@id\":\"https:\\\/\\\/urbamonde.org\\\/es\\\/#organization\"},\"image\":{\"@id\":\"https:\\\/\\\/urbamonde.org\\\/es\\\/participacion-en-el-seminario-una-vision-compartida-de-un-proyecto-de-vivienda-digna-para-2035\\\/#primaryimage\"},\"thumbnailUrl\":\"https:\\\/\\\/urbamonde.org\\\/wp-content\\\/uploads\\\/2026\\\/03\\\/IMG_5727_best-recadre.jpeg\",\"articleSection\":[\"Nuestros proyectos\"],\"inLanguage\":\"es\",\"potentialAction\":[{\"@type\":\"CommentAction\",\"name\":\"Comment\",\"target\":[\"https:\\\/\\\/urbamonde.org\\\/es\\\/participacion-en-el-seminario-una-vision-compartida-de-un-proyecto-de-vivienda-digna-para-2035\\\/#respond\"]}]},{\"@type\":\"WebPage\",\"@id\":\"https:\\\/\\\/urbamonde.org\\\/es\\\/participacion-en-el-seminario-una-vision-compartida-de-un-proyecto-de-vivienda-digna-para-2035\\\/\",\"url\":\"https:\\\/\\\/urbamonde.org\\\/es\\\/participacion-en-el-seminario-una-vision-compartida-de-un-proyecto-de-vivienda-digna-para-2035\\\/\",\"name\":\"Participaci\u00f3n en el seminario: \u00abUna visi\u00f3n compartida de un proyecto de vivienda digna para 2035\u00bb - urbaMonde\",\"isPartOf\":{\"@id\":\"https:\\\/\\\/urbamonde.org\\\/es\\\/#website\"},\"primaryImageOfPage\":{\"@id\":\"https:\\\/\\\/urbamonde.org\\\/es\\\/participacion-en-el-seminario-una-vision-compartida-de-un-proyecto-de-vivienda-digna-para-2035\\\/#primaryimage\"},\"image\":{\"@id\":\"https:\\\/\\\/urbamonde.org\\\/es\\\/participacion-en-el-seminario-una-vision-compartida-de-un-proyecto-de-vivienda-digna-para-2035\\\/#primaryimage\"},\"thumbnailUrl\":\"https:\\\/\\\/urbamonde.org\\\/wp-content\\\/uploads\\\/2026\\\/03\\\/IMG_5727_best-recadre.jpeg\",\"datePublished\":\"2026-03-23T12:47:32+00:00\",\"dateModified\":\"2026-03-23T13:27:30+00:00\",\"breadcrumb\":{\"@id\":\"https:\\\/\\\/urbamonde.org\\\/es\\\/participacion-en-el-seminario-una-vision-compartida-de-un-proyecto-de-vivienda-digna-para-2035\\\/#breadcrumb\"},\"inLanguage\":\"es\",\"potentialAction\":[{\"@type\":\"ReadAction\",\"target\":[\"https:\\\/\\\/urbamonde.org\\\/es\\\/participacion-en-el-seminario-una-vision-compartida-de-un-proyecto-de-vivienda-digna-para-2035\\\/\"]}]},{\"@type\":\"ImageObject\",\"inLanguage\":\"es\",\"@id\":\"https:\\\/\\\/urbamonde.org\\\/es\\\/participacion-en-el-seminario-una-vision-compartida-de-un-proyecto-de-vivienda-digna-para-2035\\\/#primaryimage\",\"url\":\"https:\\\/\\\/urbamonde.org\\\/wp-content\\\/uploads\\\/2026\\\/03\\\/IMG_5727_best-recadre.jpeg\",\"contentUrl\":\"https:\\\/\\\/urbamonde.org\\\/wp-content\\\/uploads\\\/2026\\\/03\\\/IMG_5727_best-recadre.jpeg\",\"width\":1280,\"height\":890,\"caption\":\"Les participants au s\u00e9minaire \\\"Vision partag\u00e9e d\u2019un projet Habitat digne r\u00e9ussi \u00e0 l\u2019horizon 2035\\\" Paris, janvier 2026\"},{\"@type\":\"BreadcrumbList\",\"@id\":\"https:\\\/\\\/urbamonde.org\\\/es\\\/participacion-en-el-seminario-una-vision-compartida-de-un-proyecto-de-vivienda-digna-para-2035\\\/#breadcrumb\",\"itemListElement\":[{\"@type\":\"ListItem\",\"position\":1,\"name\":\"Accueil\",\"item\":\"https:\\\/\\\/urbamonde.org\\\/es\\\/\"},{\"@type\":\"ListItem\",\"position\":2,\"name\":\"Participaci\u00f3n en el seminario: \u00abUna visi\u00f3n compartida de un proyecto de vivienda digna para 2035\u00bb\"}]},{\"@type\":\"WebSite\",\"@id\":\"https:\\\/\\\/urbamonde.org\\\/es\\\/#website\",\"url\":\"https:\\\/\\\/urbamonde.org\\\/es\\\/\",\"name\":\"urbaMonde\",\"description\":\"des villes durables par et pour les habitant\u00b7es\",\"publisher\":{\"@id\":\"https:\\\/\\\/urbamonde.org\\\/es\\\/#organization\"},\"potentialAction\":[{\"@type\":\"SearchAction\",\"target\":{\"@type\":\"EntryPoint\",\"urlTemplate\":\"https:\\\/\\\/urbamonde.org\\\/es\\\/?s={search_term_string}\"},\"query-input\":{\"@type\":\"PropertyValueSpecification\",\"valueRequired\":true,\"valueName\":\"search_term_string\"}}],\"inLanguage\":\"es\"},{\"@type\":\"Organization\",\"@id\":\"https:\\\/\\\/urbamonde.org\\\/es\\\/#organization\",\"name\":\"urbaMonde\",\"url\":\"https:\\\/\\\/urbamonde.org\\\/es\\\/\",\"logo\":{\"@type\":\"ImageObject\",\"inLanguage\":\"es\",\"@id\":\"https:\\\/\\\/urbamonde.org\\\/es\\\/#\\\/schema\\\/logo\\\/image\\\/\",\"url\":\"https:\\\/\\\/urbamonde.org\\\/wp-content\\\/uploads\\\/2024\\\/10\\\/logo-urbamonde-fr.png\",\"contentUrl\":\"https:\\\/\\\/urbamonde.org\\\/wp-content\\\/uploads\\\/2024\\\/10\\\/logo-urbamonde-fr.png\",\"width\":271,\"height\":65,\"caption\":\"urbaMonde\"},\"image\":{\"@id\":\"https:\\\/\\\/urbamonde.org\\\/es\\\/#\\\/schema\\\/logo\\\/image\\\/\"},\"sameAs\":[\"https:\\\/\\\/www.facebook.com\\\/urbaMonde\\\/\",\"https:\\\/\\\/www.linkedin.com\\\/company\\\/urbamonde\",\"https:\\\/\\\/www.instagram.com\\\/urba.monde\\\/\"]},{\"@type\":\"Person\",\"@id\":\"https:\\\/\\\/urbamonde.org\\\/es\\\/#\\\/schema\\\/person\\\/af9caa945c3a5ee1ef99754c1ef330c2\",\"name\":\"nadia\",\"image\":{\"@type\":\"ImageObject\",\"inLanguage\":\"es\",\"@id\":\"https:\\\/\\\/secure.gravatar.com\\\/avatar\\\/b8bf93fbfa4f697c71cfe0966da30d537fcb43a159c8e3ef449fbaab34a90ccb?s=96&d=mm&r=g\",\"url\":\"https:\\\/\\\/secure.gravatar.com\\\/avatar\\\/b8bf93fbfa4f697c71cfe0966da30d537fcb43a159c8e3ef449fbaab34a90ccb?s=96&d=mm&r=g\",\"contentUrl\":\"https:\\\/\\\/secure.gravatar.com\\\/avatar\\\/b8bf93fbfa4f697c71cfe0966da30d537fcb43a159c8e3ef449fbaab34a90ccb?s=96&d=mm&r=g\",\"caption\":\"nadia\"},\"url\":\"https:\\\/\\\/urbamonde.org\\\/es\\\/author\\\/nadia\\\/\"}]}<\/script>\n<!-- \/ Yoast SEO plugin. -->","yoast_head_json":{"title":"Participaci\u00f3n en el seminario: \u00abUna visi\u00f3n compartida de un proyecto de vivienda digna para 2035\u00bb - urbaMonde","robots":{"index":"index","follow":"follow","max-snippet":"max-snippet:-1","max-image-preview":"max-image-preview:large","max-video-preview":"max-video-preview:-1"},"canonical":"https:\/\/urbamonde.org\/es\/participacion-en-el-seminario-una-vision-compartida-de-un-proyecto-de-vivienda-digna-para-2035\/","og_locale":"es_ES","og_type":"article","og_title":"Participaci\u00f3n en el seminario: \u00abUna visi\u00f3n compartida de un proyecto de vivienda digna para 2035\u00bb - urbaMonde","og_description":"Tres d\u00edas de encuentros y reflexi\u00f3n para imaginar juntos el hogar digno del futuro. En el marco de sus proyectos financiados por la Fundaci\u00f3n para la Vivienda (FLD), urbaMonde fue invitada a participar en una reuni\u00f3n presencial en Par\u00eds. As\u00ed, los d\u00edas 27, 28 y 29 de enero de 2026, nuestras responsables de proyecto, B\u00e9n\u00e9dicte [&hellip;]","og_url":"https:\/\/urbamonde.org\/es\/participacion-en-el-seminario-una-vision-compartida-de-un-proyecto-de-vivienda-digna-para-2035\/","og_site_name":"urbaMonde","article_publisher":"https:\/\/www.facebook.com\/urbaMonde\/","article_published_time":"2026-03-23T12:47:32+00:00","article_modified_time":"2026-03-23T13:27:30+00:00","og_image":[{"width":1280,"height":890,"url":"http:\/\/urbamonde.org\/wp-content\/uploads\/2026\/03\/IMG_5727_best-recadre.jpeg","type":"image\/jpeg"}],"author":"nadia","twitter_card":"summary_large_image","twitter_misc":{"Escrito por":"nadia","Tiempo de lectura":"3 minutos"},"schema":{"@context":"https:\/\/schema.org","@graph":[{"@type":"Article","@id":"https:\/\/urbamonde.org\/es\/participacion-en-el-seminario-una-vision-compartida-de-un-proyecto-de-vivienda-digna-para-2035\/#article","isPartOf":{"@id":"https:\/\/urbamonde.org\/es\/participacion-en-el-seminario-una-vision-compartida-de-un-proyecto-de-vivienda-digna-para-2035\/"},"author":{"name":"nadia","@id":"https:\/\/urbamonde.org\/es\/#\/schema\/person\/af9caa945c3a5ee1ef99754c1ef330c2"},"headline":"Participaci\u00f3n en el seminario: \u00abUna visi\u00f3n compartida de un proyecto de vivienda digna para 2035\u00bb","datePublished":"2026-03-23T12:47:32+00:00","dateModified":"2026-03-23T13:27:30+00:00","mainEntityOfPage":{"@id":"https:\/\/urbamonde.org\/es\/participacion-en-el-seminario-una-vision-compartida-de-un-proyecto-de-vivienda-digna-para-2035\/"},"wordCount":712,"commentCount":0,"publisher":{"@id":"https:\/\/urbamonde.org\/es\/#organization"},"image":{"@id":"https:\/\/urbamonde.org\/es\/participacion-en-el-seminario-una-vision-compartida-de-un-proyecto-de-vivienda-digna-para-2035\/#primaryimage"},"thumbnailUrl":"https:\/\/urbamonde.org\/wp-content\/uploads\/2026\/03\/IMG_5727_best-recadre.jpeg","articleSection":["Nuestros proyectos"],"inLanguage":"es","potentialAction":[{"@type":"CommentAction","name":"Comment","target":["https:\/\/urbamonde.org\/es\/participacion-en-el-seminario-una-vision-compartida-de-un-proyecto-de-vivienda-digna-para-2035\/#respond"]}]},{"@type":"WebPage","@id":"https:\/\/urbamonde.org\/es\/participacion-en-el-seminario-una-vision-compartida-de-un-proyecto-de-vivienda-digna-para-2035\/","url":"https:\/\/urbamonde.org\/es\/participacion-en-el-seminario-una-vision-compartida-de-un-proyecto-de-vivienda-digna-para-2035\/","name":"Participaci\u00f3n en el seminario: \u00abUna visi\u00f3n compartida de un proyecto de vivienda digna para 2035\u00bb - urbaMonde","isPartOf":{"@id":"https:\/\/urbamonde.org\/es\/#website"},"primaryImageOfPage":{"@id":"https:\/\/urbamonde.org\/es\/participacion-en-el-seminario-una-vision-compartida-de-un-proyecto-de-vivienda-digna-para-2035\/#primaryimage"},"image":{"@id":"https:\/\/urbamonde.org\/es\/participacion-en-el-seminario-una-vision-compartida-de-un-proyecto-de-vivienda-digna-para-2035\/#primaryimage"},"thumbnailUrl":"https:\/\/urbamonde.org\/wp-content\/uploads\/2026\/03\/IMG_5727_best-recadre.jpeg","datePublished":"2026-03-23T12:47:32+00:00","dateModified":"2026-03-23T13:27:30+00:00","breadcrumb":{"@id":"https:\/\/urbamonde.org\/es\/participacion-en-el-seminario-una-vision-compartida-de-un-proyecto-de-vivienda-digna-para-2035\/#breadcrumb"},"inLanguage":"es","potentialAction":[{"@type":"ReadAction","target":["https:\/\/urbamonde.org\/es\/participacion-en-el-seminario-una-vision-compartida-de-un-proyecto-de-vivienda-digna-para-2035\/"]}]},{"@type":"ImageObject","inLanguage":"es","@id":"https:\/\/urbamonde.org\/es\/participacion-en-el-seminario-una-vision-compartida-de-un-proyecto-de-vivienda-digna-para-2035\/#primaryimage","url":"https:\/\/urbamonde.org\/wp-content\/uploads\/2026\/03\/IMG_5727_best-recadre.jpeg","contentUrl":"https:\/\/urbamonde.org\/wp-content\/uploads\/2026\/03\/IMG_5727_best-recadre.jpeg","width":1280,"height":890,"caption":"Les participants au s\u00e9minaire \"Vision partag\u00e9e d\u2019un projet Habitat digne r\u00e9ussi \u00e0 l\u2019horizon 2035\" Paris, janvier 2026"},{"@type":"BreadcrumbList","@id":"https:\/\/urbamonde.org\/es\/participacion-en-el-seminario-una-vision-compartida-de-un-proyecto-de-vivienda-digna-para-2035\/#breadcrumb","itemListElement":[{"@type":"ListItem","position":1,"name":"Accueil","item":"https:\/\/urbamonde.org\/es\/"},{"@type":"ListItem","position":2,"name":"Participaci\u00f3n en el seminario: \u00abUna visi\u00f3n compartida de un proyecto de vivienda digna para 2035\u00bb"}]},{"@type":"WebSite","@id":"https:\/\/urbamonde.org\/es\/#website","url":"https:\/\/urbamonde.org\/es\/","name":"urbaMonde","description":"des villes durables par et pour les habitant\u00b7es","publisher":{"@id":"https:\/\/urbamonde.org\/es\/#organization"},"potentialAction":[{"@type":"SearchAction","target":{"@type":"EntryPoint","urlTemplate":"https:\/\/urbamonde.org\/es\/?s={search_term_string}"},"query-input":{"@type":"PropertyValueSpecification","valueRequired":true,"valueName":"search_term_string"}}],"inLanguage":"es"},{"@type":"Organization","@id":"https:\/\/urbamonde.org\/es\/#organization","name":"urbaMonde","url":"https:\/\/urbamonde.org\/es\/","logo":{"@type":"ImageObject","inLanguage":"es","@id":"https:\/\/urbamonde.org\/es\/#\/schema\/logo\/image\/","url":"https:\/\/urbamonde.org\/wp-content\/uploads\/2024\/10\/logo-urbamonde-fr.png","contentUrl":"https:\/\/urbamonde.org\/wp-content\/uploads\/2024\/10\/logo-urbamonde-fr.png","width":271,"height":65,"caption":"urbaMonde"},"image":{"@id":"https:\/\/urbamonde.org\/es\/#\/schema\/logo\/image\/"},"sameAs":["https:\/\/www.facebook.com\/urbaMonde\/","https:\/\/www.linkedin.com\/company\/urbamonde","https:\/\/www.instagram.com\/urba.monde\/"]},{"@type":"Person","@id":"https:\/\/urbamonde.org\/es\/#\/schema\/person\/af9caa945c3a5ee1ef99754c1ef330c2","name":"nadia","image":{"@type":"ImageObject","inLanguage":"es","@id":"https:\/\/secure.gravatar.com\/avatar\/b8bf93fbfa4f697c71cfe0966da30d537fcb43a159c8e3ef449fbaab34a90ccb?s=96&d=mm&r=g","url":"https:\/\/secure.gravatar.com\/avatar\/b8bf93fbfa4f697c71cfe0966da30d537fcb43a159c8e3ef449fbaab34a90ccb?s=96&d=mm&r=g","contentUrl":"https:\/\/secure.gravatar.com\/avatar\/b8bf93fbfa4f697c71cfe0966da30d537fcb43a159c8e3ef449fbaab34a90ccb?s=96&d=mm&r=g","caption":"nadia"},"url":"https:\/\/urbamonde.org\/es\/author\/nadia\/"}]}},"_links":{"self":[{"href":"https:\/\/urbamonde.org\/es\/wp-json\/wp\/v2\/posts\/5182","targetHints":{"allow":["GET"]}}],"collection":[{"href":"https:\/\/urbamonde.org\/es\/wp-json\/wp\/v2\/posts"}],"about":[{"href":"https:\/\/urbamonde.org\/es\/wp-json\/wp\/v2\/types\/post"}],"author":[{"embeddable":true,"href":"https:\/\/urbamonde.org\/es\/wp-json\/wp\/v2\/users\/4"}],"replies":[{"embeddable":true,"href":"https:\/\/urbamonde.org\/es\/wp-json\/wp\/v2\/comments?post=5182"}],"version-history":[{"count":17,"href":"https:\/\/urbamonde.org\/es\/wp-json\/wp\/v2\/posts\/5182\/revisions"}],"predecessor-version":[{"id":5443,"href":"https:\/\/urbamonde.org\/es\/wp-json\/wp\/v2\/posts\/5182\/revisions\/5443"}],"wp:featuredmedia":[{"embeddable":true,"href":"https:\/\/urbamonde.org\/es\/wp-json\/wp\/v2\/media\/5429"}],"wp:attachment":[{"href":"https:\/\/urbamonde.org\/es\/wp-json\/wp\/v2\/media?parent=5182"}],"wp:term":[{"taxonomy":"category","embeddable":true,"href":"https:\/\/urbamonde.org\/es\/wp-json\/wp\/v2\/categories?post=5182"},{"taxonomy":"post_tag","embeddable":true,"href":"https:\/\/urbamonde.org\/es\/wp-json\/wp\/v2\/tags?post=5182"}],"curies":[{"name":"wp","href":"https:\/\/api.w.org\/{rel}","templated":true}]}}