{"id":5621,"date":"2026-04-27T09:45:13","date_gmt":"2026-04-27T07:45:13","guid":{"rendered":"https:\/\/urbamonde.org\/?p=5621"},"modified":"2026-04-27T10:26:12","modified_gmt":"2026-04-27T08:26:12","slug":"puesta-en-marcha-de-la-incubadora-urbana-de-douala","status":"publish","type":"post","link":"https:\/\/urbamonde.org\/es\/puesta-en-marcha-de-la-incubadora-urbana-de-douala\/","title":{"rendered":"Puesta en marcha de la incubadora urbana de Douala"},"content":{"rendered":"<div data-elementor-type=\"wp-post\" data-elementor-id=\"5621\" class=\"elementor elementor-5621\" data-elementor-post-type=\"post\">\n\t\t\t\t<div class=\"elementor-element elementor-element-6c3f6e6f e-flex e-con-boxed e-con e-parent\" data-id=\"6c3f6e6f\" data-element_type=\"container\" data-e-type=\"container\">\n\t\t\t\t\t<div class=\"e-con-inner\">\n\t\t\t\t<div class=\"elementor-element elementor-element-10be0e43 elementor-widget elementor-widget-text-editor\" data-id=\"10be0e43\" data-element_type=\"widget\" data-e-type=\"widget\" data-widget_type=\"text-editor.default\">\n\t\t\t\t<div class=\"elementor-widget-container\">\n\t\t\t\t\t\t\t\t\t<h2>Una misi\u00f3n de acompa\u00f1amiento sobre el terreno, un contexto estrat\u00e9gico de gran importancia<\/h2><p>urbaMonde visit\u00f3 recientemente Douala, en Camer\u00fan, en el marco del programa de animaci\u00f3n de incubadoras urbanas (PAPU), con el fin de apoyar la inminente puesta en marcha de la incubadora urbana de Douala.<\/p>\t\t\t\t\t\t\t\t<\/div>\n\t\t\t\t<\/div>\n\t\t\t\t<div class=\"elementor-element elementor-element-62611f1 elementor-widget elementor-widget-image\" data-id=\"62611f1\" data-element_type=\"widget\" data-e-type=\"widget\" data-widget_type=\"image.default\">\n\t\t\t\t<div class=\"elementor-widget-container\">\n\t\t\t\t\t\t\t\t\t\t\t\t<figure class=\"wp-caption\">\n\t\t\t\t\t\t\t\t\t\t<img fetchpriority=\"high\" decoding=\"async\" width=\"800\" height=\"534\" src=\"http:\/\/urbamonde.org\/wp-content\/uploads\/2026\/04\/\u00a9StudioBainem_FlorentChiappero-Douala-5-1024x683.jpg\" class=\"attachment-large size-large wp-image-5596\" alt=\"\" srcset=\"http:\/\/urbamonde.org\/wp-content\/uploads\/2026\/04\/\u00a9StudioBainem_FlorentChiappero-Douala-5-1024x683.jpg 1024w, http:\/\/urbamonde.org\/wp-content\/uploads\/2026\/04\/\u00a9StudioBainem_FlorentChiappero-Douala-5-300x200.jpg 300w, http:\/\/urbamonde.org\/wp-content\/uploads\/2026\/04\/\u00a9StudioBainem_FlorentChiappero-Douala-5-768x512.jpg 768w, http:\/\/urbamonde.org\/wp-content\/uploads\/2026\/04\/\u00a9StudioBainem_FlorentChiappero-Douala-5-1536x1024.jpg 1536w, http:\/\/urbamonde.org\/wp-content\/uploads\/2026\/04\/\u00a9StudioBainem_FlorentChiappero-Douala-5-2048x1365.jpg 2048w, http:\/\/urbamonde.org\/wp-content\/uploads\/2026\/04\/\u00a9StudioBainem_FlorentChiappero-Douala-5-18x12.jpg 18w\" sizes=\"(max-width: 800px) 100vw, 800px\" \/>\t\t\t\t\t\t\t\t\t\t\t<figcaption class=\"widget-image-caption wp-caption-text\">\u00a9Studio Bai\u0308nem - Florent Chiappero<\/figcaption>\n\t\t\t\t\t\t\t\t\t\t<\/figure>\n\t\t\t\t\t\t\t\t\t<\/div>\n\t\t\t\t<\/div>\n\t\t\t\t<div class=\"elementor-element elementor-element-a0664ac elementor-widget elementor-widget-text-editor\" data-id=\"a0664ac\" data-element_type=\"widget\" data-e-type=\"widget\" data-widget_type=\"text-editor.default\">\n\t\t\t\t<div class=\"elementor-widget-container\">\n\t\t\t\t\t\t\t\t\t<p>Este proyecto se inscribe en un contexto estrat\u00e9gico de gran relevancia: la Incubadora Urbana est\u00e1 directamente vinculada a un importante sistema de drenaje de aguas pluviales que abarca toda la zona urbana. El objetivo es desarrollar, junto a esta infraestructura, espacios p\u00fablicos e instalaciones comunitarias dise\u00f1ados con y para los residentes locales.<\/p><p>Durante la misi\u00f3n, el equipo de urbaMonde particip\u00f3 en varias visitas sobre el terreno, tanto a emplazamientos ya urbanizados en una fase inicial, al margen del programa de Incubadoras Urbanas, como a futuros emplazamientos destinados a nuevos proyectos urban\u00edsticos. Estas visitas contribuyeron a que los debates se basaran en la realidad local y a identificar las primeras oportunidades de actuaci\u00f3n.<\/p><p>A lo largo de la semana tambi\u00e9n se celebraron sesiones de trabajo en las que participaron el equipo de la incubadora, representantes del programa de divulgaci\u00f3n y la Comunidad Urbana de Douala, el cliente del proyecto. Una reuni\u00f3n oficial con el alcalde de la Comunidad Urbana de Douala brind\u00f3 la oportunidad de identificar los aspectos clave de este proyecto, especialmente en lo que respecta a la participaci\u00f3n de los residentes y la implicaci\u00f3n de las autoridades locales. Estos debates contribuyeron a sentar las bases para las primeras fases operativas y a reforzar los esfuerzos de colaboraci\u00f3n.<\/p><p>El proyecto est\u00e1 dirigido por un consorcio de organizaciones locales e internacionales \u2014Doual\u2019art, Assoal, la consultora Diwouta y Espelia\u2014 que colaborar\u00e1n estrechamente con la ciudad de Douala durante un periodo de tres a\u00f1os. Juntos, explorar\u00e1n enfoques que abarcan desde la evaluaci\u00f3n conjunta y el dise\u00f1o colaborativo de espacios p\u00fablicos hasta el desarrollo de modelos de gesti\u00f3n sostenible.<\/p><p><span style=\"font-weight: 400;\">\ud83d\udc49 M\u00e1s informaci\u00f3n sobre nuestro programa: <a href=\"https:\/\/urbamonde.org\/es\/animacion-y-desarrollo-de-la-red-de-viveros-en-las-zonas-urbanas-de-africa\/\">Animaci\u00f3n y desarrollo de la Red de Incubadoras Urbanas<\/a><\/span><\/p><p><span style=\"font-weight: 400;\">\ud83d\udc49 M\u00e1s informaci\u00f3n sobre el socio: <\/span><a href=\"https:\/\/www.afd.fr\/fr\/les-pepinieres-urbaines-laboratoire-de-participation-citoyenne\"><span style=\"font-weight: 400;\">Agence Fran\u00e7aise de D\u00e9veloppement (AFD)<\/span><\/a><\/p>\t\t\t\t\t\t\t\t<\/div>\n\t\t\t\t<\/div>\n\t\t\t\t<div class=\"elementor-element elementor-element-3679248 elementor-widget elementor-widget-gallery\" data-id=\"3679248\" data-element_type=\"widget\" data-e-type=\"widget\" data-settings=\"{&quot;overlay_title&quot;:&quot;caption&quot;,&quot;lazyload&quot;:&quot;yes&quot;,&quot;gallery_layout&quot;:&quot;grid&quot;,&quot;columns&quot;:4,&quot;columns_tablet&quot;:2,&quot;columns_mobile&quot;:1,&quot;gap&quot;:{&quot;unit&quot;:&quot;px&quot;,&quot;size&quot;:10,&quot;sizes&quot;:[]},&quot;gap_tablet&quot;:{&quot;unit&quot;:&quot;px&quot;,&quot;size&quot;:10,&quot;sizes&quot;:[]},&quot;gap_mobile&quot;:{&quot;unit&quot;:&quot;px&quot;,&quot;size&quot;:10,&quot;sizes&quot;:[]},&quot;link_to&quot;:&quot;file&quot;,&quot;aspect_ratio&quot;:&quot;3:2&quot;,&quot;overlay_background&quot;:&quot;yes&quot;,&quot;content_hover_animation&quot;:&quot;fade-in&quot;}\" data-widget_type=\"gallery.default\">\n\t\t\t\t<div class=\"elementor-widget-container\">\n\t\t\t\t\t\t\t<div class=\"elementor-gallery__container\">\n\t\t\t\t\t\t\t<a class=\"e-gallery-item elementor-gallery-item elementor-animated-content\" href=\"http:\/\/urbamonde.org\/wp-content\/uploads\/2025\/01\/\u00a9StudioBainem_FlorentChiappero-Douala-1-scaled.jpg\" data-elementor-open-lightbox=\"yes\" data-elementor-lightbox-slideshow=\"3679248\" data-elementor-lightbox-title=\"\u00a9StudioBai\u0308nem_FlorentChiappero--Douala--1\" data-e-action-hash=\"#elementor-action%3Aaction%3Dlightbox%26settings%3DeyJpZCI6NTYwNSwidXJsIjoiaHR0cDpcL1wvdXJiYW1vbmRlLm9yZ1wvd3AtY29udGVudFwvdXBsb2Fkc1wvMjAyNVwvMDFcL1x1MDBhOVN0dWRpb0JhaW5lbV9GbG9yZW50Q2hpYXBwZXJvLURvdWFsYS0xLXNjYWxlZC5qcGciLCJzbGlkZXNob3ciOiIzNjc5MjQ4In0%3D\">\n\t\t\t\t\t<div class=\"e-gallery-image elementor-gallery-item__image\" data-thumbnail=\"http:\/\/urbamonde.org\/wp-content\/uploads\/2025\/01\/\u00a9StudioBainem_FlorentChiappero-Douala-1-300x200.jpg\" data-width=\"300\" data-height=\"200\" aria-label=\"\" role=\"img\" ><\/div>\n\t\t\t\t\t\t\t\t\t\t\t<div class=\"elementor-gallery-item__overlay\"><\/div>\n\t\t\t\t\t\t\t\t\t\t\t\t\t\t\t<div class=\"elementor-gallery-item__content\">\n\t\t\t\t\t\t\t\t\t\t\t\t\t\t<div class=\"elementor-gallery-item__title\">\n\t\t\t\t\t\t\t\t\t\t\t\t\t\t\t\t\t\t\u00a9 Studio Bai\u0308nem - Florent Chiappero\t\t\t\t\t\t\t\t<\/div>\n\t\t\t\t\t\t\t\t\t\t\t\t<\/div>\n\t\t\t\t\t\t\t\t\t<\/a>\n\t\t\t\t\t\t\t<a class=\"e-gallery-item elementor-gallery-item elementor-animated-content\" href=\"http:\/\/urbamonde.org\/wp-content\/uploads\/2025\/01\/\u00a9StudioBainem_FlorentChiappero-Douala-3-scaled.jpg\" data-elementor-open-lightbox=\"yes\" data-elementor-lightbox-slideshow=\"3679248\" data-elementor-lightbox-title=\"\u00a9StudioBai\u0308nem_FlorentChiappero--Douala--3\" data-e-action-hash=\"#elementor-action%3Aaction%3Dlightbox%26settings%3DeyJpZCI6NTYwNiwidXJsIjoiaHR0cDpcL1wvdXJiYW1vbmRlLm9yZ1wvd3AtY29udGVudFwvdXBsb2Fkc1wvMjAyNVwvMDFcL1x1MDBhOVN0dWRpb0JhaW5lbV9GbG9yZW50Q2hpYXBwZXJvLURvdWFsYS0zLXNjYWxlZC5qcGciLCJzbGlkZXNob3ciOiIzNjc5MjQ4In0%3D\">\n\t\t\t\t\t<div class=\"e-gallery-image elementor-gallery-item__image\" data-thumbnail=\"http:\/\/urbamonde.org\/wp-content\/uploads\/2025\/01\/\u00a9StudioBainem_FlorentChiappero-Douala-3-300x200.jpg\" data-width=\"300\" data-height=\"200\" aria-label=\"\" role=\"img\" ><\/div>\n\t\t\t\t\t\t\t\t\t\t\t<div class=\"elementor-gallery-item__overlay\"><\/div>\n\t\t\t\t\t\t\t\t\t\t\t\t\t\t\t<div class=\"elementor-gallery-item__content\">\n\t\t\t\t\t\t\t\t\t\t\t\t\t\t<div class=\"elementor-gallery-item__title\">\n\t\t\t\t\t\t\t\t\t\t\t\t\t\t\t\t\t\t\u00a9 Studio Bai\u0308nem - Florent Chiappero\t\t\t\t\t\t\t\t<\/div>\n\t\t\t\t\t\t\t\t\t\t\t\t<\/div>\n\t\t\t\t\t\t\t\t\t<\/a>\n\t\t\t\t\t\t\t<a class=\"e-gallery-item elementor-gallery-item elementor-animated-content\" href=\"http:\/\/urbamonde.org\/wp-content\/uploads\/2025\/01\/\u00a9StudioBainem_FlorentChiappero-Douala-4-scaled.jpg\" data-elementor-open-lightbox=\"yes\" data-elementor-lightbox-slideshow=\"3679248\" data-elementor-lightbox-title=\"\u00a9StudioBai\u0308nem_FlorentChiappero--Douala--4\" data-e-action-hash=\"#elementor-action%3Aaction%3Dlightbox%26settings%3DeyJpZCI6NTYwNywidXJsIjoiaHR0cDpcL1wvdXJiYW1vbmRlLm9yZ1wvd3AtY29udGVudFwvdXBsb2Fkc1wvMjAyNVwvMDFcL1x1MDBhOVN0dWRpb0JhaW5lbV9GbG9yZW50Q2hpYXBwZXJvLURvdWFsYS00LXNjYWxlZC5qcGciLCJzbGlkZXNob3ciOiIzNjc5MjQ4In0%3D\">\n\t\t\t\t\t<div class=\"e-gallery-image elementor-gallery-item__image\" data-thumbnail=\"http:\/\/urbamonde.org\/wp-content\/uploads\/2025\/01\/\u00a9StudioBainem_FlorentChiappero-Douala-4-200x300.jpg\" data-width=\"200\" data-height=\"300\" aria-label=\"\" role=\"img\" ><\/div>\n\t\t\t\t\t\t\t\t\t\t\t<div class=\"elementor-gallery-item__overlay\"><\/div>\n\t\t\t\t\t\t\t\t\t\t\t\t\t\t\t<div class=\"elementor-gallery-item__content\">\n\t\t\t\t\t\t\t\t\t\t\t\t\t\t<div class=\"elementor-gallery-item__title\">\n\t\t\t\t\t\t\t\t\t\t\t\t\t\t\t\t\t\t\u00a9 Studio Bai\u0308nem - Florent Chiappero\t\t\t\t\t\t\t\t<\/div>\n\t\t\t\t\t\t\t\t\t\t\t\t<\/div>\n\t\t\t\t\t\t\t\t\t<\/a>\n\t\t\t\t\t\t\t<a class=\"e-gallery-item elementor-gallery-item elementor-animated-content\" href=\"http:\/\/urbamonde.org\/wp-content\/uploads\/2025\/01\/\u00a9StudioBainem_FlorentChiappero-Douala-14-scaled.jpg\" data-elementor-open-lightbox=\"yes\" data-elementor-lightbox-slideshow=\"3679248\" data-elementor-lightbox-title=\"\u00a9StudioBai\u0308nem_FlorentChiappero--Douala--14\" data-e-action-hash=\"#elementor-action%3Aaction%3Dlightbox%26settings%3DeyJpZCI6NTYwOSwidXJsIjoiaHR0cDpcL1wvdXJiYW1vbmRlLm9yZ1wvd3AtY29udGVudFwvdXBsb2Fkc1wvMjAyNVwvMDFcL1x1MDBhOVN0dWRpb0JhaW5lbV9GbG9yZW50Q2hpYXBwZXJvLURvdWFsYS0xNC1zY2FsZWQuanBnIiwic2xpZGVzaG93IjoiMzY3OTI0OCJ9\">\n\t\t\t\t\t<div class=\"e-gallery-image elementor-gallery-item__image\" data-thumbnail=\"http:\/\/urbamonde.org\/wp-content\/uploads\/2025\/01\/\u00a9StudioBainem_FlorentChiappero-Douala-14-300x200.jpg\" data-width=\"300\" data-height=\"200\" aria-label=\"\" role=\"img\" ><\/div>\n\t\t\t\t\t\t\t\t\t\t\t<div class=\"elementor-gallery-item__overlay\"><\/div>\n\t\t\t\t\t\t\t\t\t\t\t\t\t\t\t<div class=\"elementor-gallery-item__content\">\n\t\t\t\t\t\t\t\t\t\t\t\t\t\t<div class=\"elementor-gallery-item__title\">\n\t\t\t\t\t\t\t\t\t\t\t\t\t\t\t\t\t\t\u00a9 Studio Bai\u0308nem - Florent Chiappero\t\t\t\t\t\t\t\t<\/div>\n\t\t\t\t\t\t\t\t\t\t\t\t<\/div>\n\t\t\t\t\t\t\t\t\t<\/a>\n\t\t\t\t\t<\/div>\n\t\t\t\t\t<\/div>\n\t\t\t\t<\/div>\n\t\t\t\t\t<\/div>\n\t\t\t\t<\/div>\n\t\t\t\t<\/div>","protected":false},"excerpt":{"rendered":"<p>Una misi\u00f3n de acompa\u00f1amiento sobre el terreno, un contexto estrat\u00e9gico de gran importancia urbaMonde visit\u00f3 recientemente Douala, en Camer\u00fan, en el marco del programa de animaci\u00f3n de incubadoras urbanas (PAPU), con el fin de apoyar la inminente puesta en marcha de la incubadora urbana de Douala. \u00a9Studio Bai\u0308nem &#8211; Florent Chiappero Este proyecto se inscribe [&hellip;]<\/p>","protected":false},"author":4,"featured_media":5597,"comment_status":"open","ping_status":"open","sticky":false,"template":"","format":"standard","meta":{"footnotes":""},"categories":[93],"tags":[],"class_list":["post-5621","post","type-post","status-publish","format-standard","has-post-thumbnail","hentry","category-nuestros-proyectos"],"acf":[],"yoast_head":"<!-- This site is optimized with the Yoast SEO plugin v27.4 - https:\/\/yoast.com\/product\/yoast-seo-wordpress\/ -->\n<title>Puesta en marcha de la incubadora urbana de Douala - urbaMonde<\/title>\n<meta name=\"robots\" content=\"index, follow, max-snippet:-1, max-image-preview:large, max-video-preview:-1\" \/>\n<link rel=\"canonical\" href=\"https:\/\/urbamonde.org\/es\/puesta-en-marcha-de-la-incubadora-urbana-de-douala\/\" \/>\n<meta property=\"og:locale\" content=\"es_ES\" \/>\n<meta property=\"og:type\" content=\"article\" \/>\n<meta property=\"og:title\" content=\"Puesta en marcha de la incubadora urbana de Douala - urbaMonde\" \/>\n<meta property=\"og:description\" content=\"Una misi\u00f3n de acompa\u00f1amiento sobre el terreno, un contexto estrat\u00e9gico de gran importancia urbaMonde visit\u00f3 recientemente Douala, en Camer\u00fan, en el marco del programa de animaci\u00f3n de incubadoras urbanas (PAPU), con el fin de apoyar la inminente puesta en marcha de la incubadora urbana de Douala. \u00a9Studio Bai\u0308nem &#8211; Florent Chiappero Este proyecto se inscribe [&hellip;]\" \/>\n<meta property=\"og:url\" content=\"https:\/\/urbamonde.org\/es\/puesta-en-marcha-de-la-incubadora-urbana-de-douala\/\" \/>\n<meta property=\"og:site_name\" content=\"urbaMonde\" \/>\n<meta property=\"article:publisher\" content=\"https:\/\/www.facebook.com\/urbaMonde\/\" \/>\n<meta property=\"article:published_time\" content=\"2026-04-27T07:45:13+00:00\" \/>\n<meta property=\"article:modified_time\" content=\"2026-04-27T08:26:12+00:00\" \/>\n<meta property=\"og:image\" content=\"https:\/\/urbamonde.org\/wp-content\/uploads\/2026\/04\/\u00a9StudioBainem_FlorentChiappero-Douala-13-scaled.jpg\" \/>\n\t<meta property=\"og:image:width\" content=\"2560\" \/>\n\t<meta property=\"og:image:height\" content=\"1707\" \/>\n\t<meta property=\"og:image:type\" content=\"image\/jpeg\" \/>\n<meta name=\"author\" content=\"nadia\" \/>\n<meta name=\"twitter:card\" content=\"summary_large_image\" \/>\n<meta name=\"twitter:label1\" content=\"Escrito por\" \/>\n\t<meta name=\"twitter:data1\" content=\"nadia\" \/>\n\t<meta name=\"twitter:label2\" content=\"Tiempo de lectura\" \/>\n\t<meta name=\"twitter:data2\" content=\"3 minutos\" \/>\n<script type=\"application\/ld+json\" class=\"yoast-schema-graph\">{\"@context\":\"https:\\\/\\\/schema.org\",\"@graph\":[{\"@type\":\"Article\",\"@id\":\"https:\\\/\\\/urbamonde.org\\\/es\\\/puesta-en-marcha-de-la-incubadora-urbana-de-douala\\\/#article\",\"isPartOf\":{\"@id\":\"https:\\\/\\\/urbamonde.org\\\/es\\\/puesta-en-marcha-de-la-incubadora-urbana-de-douala\\\/\"},\"author\":{\"name\":\"nadia\",\"@id\":\"https:\\\/\\\/urbamonde.org\\\/es\\\/#\\\/schema\\\/person\\\/af9caa945c3a5ee1ef99754c1ef330c2\"},\"headline\":\"Puesta en marcha de la incubadora urbana de Douala\",\"datePublished\":\"2026-04-27T07:45:13+00:00\",\"dateModified\":\"2026-04-27T08:26:12+00:00\",\"mainEntityOfPage\":{\"@id\":\"https:\\\/\\\/urbamonde.org\\\/es\\\/puesta-en-marcha-de-la-incubadora-urbana-de-douala\\\/\"},\"wordCount\":406,\"commentCount\":0,\"publisher\":{\"@id\":\"https:\\\/\\\/urbamonde.org\\\/es\\\/#organization\"},\"image\":{\"@id\":\"https:\\\/\\\/urbamonde.org\\\/es\\\/puesta-en-marcha-de-la-incubadora-urbana-de-douala\\\/#primaryimage\"},\"thumbnailUrl\":\"https:\\\/\\\/urbamonde.org\\\/wp-content\\\/uploads\\\/2026\\\/04\\\/\u00a9StudioBainem_FlorentChiappero-Douala-13-scaled.jpg\",\"articleSection\":[\"Nuestros proyectos\"],\"inLanguage\":\"es\",\"potentialAction\":[{\"@type\":\"CommentAction\",\"name\":\"Comment\",\"target\":[\"https:\\\/\\\/urbamonde.org\\\/es\\\/puesta-en-marcha-de-la-incubadora-urbana-de-douala\\\/#respond\"]}]},{\"@type\":\"WebPage\",\"@id\":\"https:\\\/\\\/urbamonde.org\\\/es\\\/puesta-en-marcha-de-la-incubadora-urbana-de-douala\\\/\",\"url\":\"https:\\\/\\\/urbamonde.org\\\/es\\\/puesta-en-marcha-de-la-incubadora-urbana-de-douala\\\/\",\"name\":\"Puesta en marcha de la incubadora urbana de Douala - urbaMonde\",\"isPartOf\":{\"@id\":\"https:\\\/\\\/urbamonde.org\\\/es\\\/#website\"},\"primaryImageOfPage\":{\"@id\":\"https:\\\/\\\/urbamonde.org\\\/es\\\/puesta-en-marcha-de-la-incubadora-urbana-de-douala\\\/#primaryimage\"},\"image\":{\"@id\":\"https:\\\/\\\/urbamonde.org\\\/es\\\/puesta-en-marcha-de-la-incubadora-urbana-de-douala\\\/#primaryimage\"},\"thumbnailUrl\":\"https:\\\/\\\/urbamonde.org\\\/wp-content\\\/uploads\\\/2026\\\/04\\\/\u00a9StudioBainem_FlorentChiappero-Douala-13-scaled.jpg\",\"datePublished\":\"2026-04-27T07:45:13+00:00\",\"dateModified\":\"2026-04-27T08:26:12+00:00\",\"breadcrumb\":{\"@id\":\"https:\\\/\\\/urbamonde.org\\\/es\\\/puesta-en-marcha-de-la-incubadora-urbana-de-douala\\\/#breadcrumb\"},\"inLanguage\":\"es\",\"potentialAction\":[{\"@type\":\"ReadAction\",\"target\":[\"https:\\\/\\\/urbamonde.org\\\/es\\\/puesta-en-marcha-de-la-incubadora-urbana-de-douala\\\/\"]}]},{\"@type\":\"ImageObject\",\"inLanguage\":\"es\",\"@id\":\"https:\\\/\\\/urbamonde.org\\\/es\\\/puesta-en-marcha-de-la-incubadora-urbana-de-douala\\\/#primaryimage\",\"url\":\"https:\\\/\\\/urbamonde.org\\\/wp-content\\\/uploads\\\/2026\\\/04\\\/\u00a9StudioBainem_FlorentChiappero-Douala-13-scaled.jpg\",\"contentUrl\":\"https:\\\/\\\/urbamonde.org\\\/wp-content\\\/uploads\\\/2026\\\/04\\\/\u00a9StudioBainem_FlorentChiappero-Douala-13-scaled.jpg\",\"width\":2560,\"height\":1707},{\"@type\":\"BreadcrumbList\",\"@id\":\"https:\\\/\\\/urbamonde.org\\\/es\\\/puesta-en-marcha-de-la-incubadora-urbana-de-douala\\\/#breadcrumb\",\"itemListElement\":[{\"@type\":\"ListItem\",\"position\":1,\"name\":\"Accueil\",\"item\":\"https:\\\/\\\/urbamonde.org\\\/es\\\/\"},{\"@type\":\"ListItem\",\"position\":2,\"name\":\"Puesta en marcha de la incubadora urbana de Douala\"}]},{\"@type\":\"WebSite\",\"@id\":\"https:\\\/\\\/urbamonde.org\\\/es\\\/#website\",\"url\":\"https:\\\/\\\/urbamonde.org\\\/es\\\/\",\"name\":\"urbaMonde\",\"description\":\"des villes durables par et pour les habitant\u00b7es\",\"publisher\":{\"@id\":\"https:\\\/\\\/urbamonde.org\\\/es\\\/#organization\"},\"potentialAction\":[{\"@type\":\"SearchAction\",\"target\":{\"@type\":\"EntryPoint\",\"urlTemplate\":\"https:\\\/\\\/urbamonde.org\\\/es\\\/?s={search_term_string}\"},\"query-input\":{\"@type\":\"PropertyValueSpecification\",\"valueRequired\":true,\"valueName\":\"search_term_string\"}}],\"inLanguage\":\"es\"},{\"@type\":\"Organization\",\"@id\":\"https:\\\/\\\/urbamonde.org\\\/es\\\/#organization\",\"name\":\"urbaMonde\",\"url\":\"https:\\\/\\\/urbamonde.org\\\/es\\\/\",\"logo\":{\"@type\":\"ImageObject\",\"inLanguage\":\"es\",\"@id\":\"https:\\\/\\\/urbamonde.org\\\/es\\\/#\\\/schema\\\/logo\\\/image\\\/\",\"url\":\"https:\\\/\\\/urbamonde.org\\\/wp-content\\\/uploads\\\/2024\\\/10\\\/logo-urbamonde-fr.png\",\"contentUrl\":\"https:\\\/\\\/urbamonde.org\\\/wp-content\\\/uploads\\\/2024\\\/10\\\/logo-urbamonde-fr.png\",\"width\":271,\"height\":65,\"caption\":\"urbaMonde\"},\"image\":{\"@id\":\"https:\\\/\\\/urbamonde.org\\\/es\\\/#\\\/schema\\\/logo\\\/image\\\/\"},\"sameAs\":[\"https:\\\/\\\/www.facebook.com\\\/urbaMonde\\\/\",\"https:\\\/\\\/www.linkedin.com\\\/company\\\/urbamonde\",\"https:\\\/\\\/www.instagram.com\\\/urba.monde\\\/\"]},{\"@type\":\"Person\",\"@id\":\"https:\\\/\\\/urbamonde.org\\\/es\\\/#\\\/schema\\\/person\\\/af9caa945c3a5ee1ef99754c1ef330c2\",\"name\":\"nadia\",\"image\":{\"@type\":\"ImageObject\",\"inLanguage\":\"es\",\"@id\":\"https:\\\/\\\/secure.gravatar.com\\\/avatar\\\/b8bf93fbfa4f697c71cfe0966da30d537fcb43a159c8e3ef449fbaab34a90ccb?s=96&d=mm&r=g\",\"url\":\"https:\\\/\\\/secure.gravatar.com\\\/avatar\\\/b8bf93fbfa4f697c71cfe0966da30d537fcb43a159c8e3ef449fbaab34a90ccb?s=96&d=mm&r=g\",\"contentUrl\":\"https:\\\/\\\/secure.gravatar.com\\\/avatar\\\/b8bf93fbfa4f697c71cfe0966da30d537fcb43a159c8e3ef449fbaab34a90ccb?s=96&d=mm&r=g\",\"caption\":\"nadia\"},\"url\":\"https:\\\/\\\/urbamonde.org\\\/es\\\/author\\\/nadia\\\/\"}]}<\/script>\n<!-- \/ Yoast SEO plugin. -->","yoast_head_json":{"title":"Puesta en marcha de la incubadora urbana de Douala - urbaMonde","robots":{"index":"index","follow":"follow","max-snippet":"max-snippet:-1","max-image-preview":"max-image-preview:large","max-video-preview":"max-video-preview:-1"},"canonical":"https:\/\/urbamonde.org\/es\/puesta-en-marcha-de-la-incubadora-urbana-de-douala\/","og_locale":"es_ES","og_type":"article","og_title":"Puesta en marcha de la incubadora urbana de Douala - urbaMonde","og_description":"Una misi\u00f3n de acompa\u00f1amiento sobre el terreno, un contexto estrat\u00e9gico de gran importancia urbaMonde visit\u00f3 recientemente Douala, en Camer\u00fan, en el marco del programa de animaci\u00f3n de incubadoras urbanas (PAPU), con el fin de apoyar la inminente puesta en marcha de la incubadora urbana de Douala. \u00a9Studio Bai\u0308nem &#8211; Florent Chiappero Este proyecto se inscribe [&hellip;]","og_url":"https:\/\/urbamonde.org\/es\/puesta-en-marcha-de-la-incubadora-urbana-de-douala\/","og_site_name":"urbaMonde","article_publisher":"https:\/\/www.facebook.com\/urbaMonde\/","article_published_time":"2026-04-27T07:45:13+00:00","article_modified_time":"2026-04-27T08:26:12+00:00","og_image":[{"width":2560,"height":1707,"url":"https:\/\/urbamonde.org\/wp-content\/uploads\/2026\/04\/\u00a9StudioBainem_FlorentChiappero-Douala-13-scaled.jpg","type":"image\/jpeg"}],"author":"nadia","twitter_card":"summary_large_image","twitter_misc":{"Escrito por":"nadia","Tiempo de lectura":"3 minutos"},"schema":{"@context":"https:\/\/schema.org","@graph":[{"@type":"Article","@id":"https:\/\/urbamonde.org\/es\/puesta-en-marcha-de-la-incubadora-urbana-de-douala\/#article","isPartOf":{"@id":"https:\/\/urbamonde.org\/es\/puesta-en-marcha-de-la-incubadora-urbana-de-douala\/"},"author":{"name":"nadia","@id":"https:\/\/urbamonde.org\/es\/#\/schema\/person\/af9caa945c3a5ee1ef99754c1ef330c2"},"headline":"Puesta en marcha de la incubadora urbana de Douala","datePublished":"2026-04-27T07:45:13+00:00","dateModified":"2026-04-27T08:26:12+00:00","mainEntityOfPage":{"@id":"https:\/\/urbamonde.org\/es\/puesta-en-marcha-de-la-incubadora-urbana-de-douala\/"},"wordCount":406,"commentCount":0,"publisher":{"@id":"https:\/\/urbamonde.org\/es\/#organization"},"image":{"@id":"https:\/\/urbamonde.org\/es\/puesta-en-marcha-de-la-incubadora-urbana-de-douala\/#primaryimage"},"thumbnailUrl":"https:\/\/urbamonde.org\/wp-content\/uploads\/2026\/04\/\u00a9StudioBainem_FlorentChiappero-Douala-13-scaled.jpg","articleSection":["Nuestros proyectos"],"inLanguage":"es","potentialAction":[{"@type":"CommentAction","name":"Comment","target":["https:\/\/urbamonde.org\/es\/puesta-en-marcha-de-la-incubadora-urbana-de-douala\/#respond"]}]},{"@type":"WebPage","@id":"https:\/\/urbamonde.org\/es\/puesta-en-marcha-de-la-incubadora-urbana-de-douala\/","url":"https:\/\/urbamonde.org\/es\/puesta-en-marcha-de-la-incubadora-urbana-de-douala\/","name":"Puesta en marcha de la incubadora urbana de Douala - urbaMonde","isPartOf":{"@id":"https:\/\/urbamonde.org\/es\/#website"},"primaryImageOfPage":{"@id":"https:\/\/urbamonde.org\/es\/puesta-en-marcha-de-la-incubadora-urbana-de-douala\/#primaryimage"},"image":{"@id":"https:\/\/urbamonde.org\/es\/puesta-en-marcha-de-la-incubadora-urbana-de-douala\/#primaryimage"},"thumbnailUrl":"https:\/\/urbamonde.org\/wp-content\/uploads\/2026\/04\/\u00a9StudioBainem_FlorentChiappero-Douala-13-scaled.jpg","datePublished":"2026-04-27T07:45:13+00:00","dateModified":"2026-04-27T08:26:12+00:00","breadcrumb":{"@id":"https:\/\/urbamonde.org\/es\/puesta-en-marcha-de-la-incubadora-urbana-de-douala\/#breadcrumb"},"inLanguage":"es","potentialAction":[{"@type":"ReadAction","target":["https:\/\/urbamonde.org\/es\/puesta-en-marcha-de-la-incubadora-urbana-de-douala\/"]}]},{"@type":"ImageObject","inLanguage":"es","@id":"https:\/\/urbamonde.org\/es\/puesta-en-marcha-de-la-incubadora-urbana-de-douala\/#primaryimage","url":"https:\/\/urbamonde.org\/wp-content\/uploads\/2026\/04\/\u00a9StudioBainem_FlorentChiappero-Douala-13-scaled.jpg","contentUrl":"https:\/\/urbamonde.org\/wp-content\/uploads\/2026\/04\/\u00a9StudioBainem_FlorentChiappero-Douala-13-scaled.jpg","width":2560,"height":1707},{"@type":"BreadcrumbList","@id":"https:\/\/urbamonde.org\/es\/puesta-en-marcha-de-la-incubadora-urbana-de-douala\/#breadcrumb","itemListElement":[{"@type":"ListItem","position":1,"name":"Accueil","item":"https:\/\/urbamonde.org\/es\/"},{"@type":"ListItem","position":2,"name":"Puesta en marcha de la incubadora urbana de Douala"}]},{"@type":"WebSite","@id":"https:\/\/urbamonde.org\/es\/#website","url":"https:\/\/urbamonde.org\/es\/","name":"urbaMonde","description":"des villes durables par et pour les habitant\u00b7es","publisher":{"@id":"https:\/\/urbamonde.org\/es\/#organization"},"potentialAction":[{"@type":"SearchAction","target":{"@type":"EntryPoint","urlTemplate":"https:\/\/urbamonde.org\/es\/?s={search_term_string}"},"query-input":{"@type":"PropertyValueSpecification","valueRequired":true,"valueName":"search_term_string"}}],"inLanguage":"es"},{"@type":"Organization","@id":"https:\/\/urbamonde.org\/es\/#organization","name":"urbaMonde","url":"https:\/\/urbamonde.org\/es\/","logo":{"@type":"ImageObject","inLanguage":"es","@id":"https:\/\/urbamonde.org\/es\/#\/schema\/logo\/image\/","url":"https:\/\/urbamonde.org\/wp-content\/uploads\/2024\/10\/logo-urbamonde-fr.png","contentUrl":"https:\/\/urbamonde.org\/wp-content\/uploads\/2024\/10\/logo-urbamonde-fr.png","width":271,"height":65,"caption":"urbaMonde"},"image":{"@id":"https:\/\/urbamonde.org\/es\/#\/schema\/logo\/image\/"},"sameAs":["https:\/\/www.facebook.com\/urbaMonde\/","https:\/\/www.linkedin.com\/company\/urbamonde","https:\/\/www.instagram.com\/urba.monde\/"]},{"@type":"Person","@id":"https:\/\/urbamonde.org\/es\/#\/schema\/person\/af9caa945c3a5ee1ef99754c1ef330c2","name":"nadia","image":{"@type":"ImageObject","inLanguage":"es","@id":"https:\/\/secure.gravatar.com\/avatar\/b8bf93fbfa4f697c71cfe0966da30d537fcb43a159c8e3ef449fbaab34a90ccb?s=96&d=mm&r=g","url":"https:\/\/secure.gravatar.com\/avatar\/b8bf93fbfa4f697c71cfe0966da30d537fcb43a159c8e3ef449fbaab34a90ccb?s=96&d=mm&r=g","contentUrl":"https:\/\/secure.gravatar.com\/avatar\/b8bf93fbfa4f697c71cfe0966da30d537fcb43a159c8e3ef449fbaab34a90ccb?s=96&d=mm&r=g","caption":"nadia"},"url":"https:\/\/urbamonde.org\/es\/author\/nadia\/"}]}},"_links":{"self":[{"href":"https:\/\/urbamonde.org\/es\/wp-json\/wp\/v2\/posts\/5621","targetHints":{"allow":["GET"]}}],"collection":[{"href":"https:\/\/urbamonde.org\/es\/wp-json\/wp\/v2\/posts"}],"about":[{"href":"https:\/\/urbamonde.org\/es\/wp-json\/wp\/v2\/types\/post"}],"author":[{"embeddable":true,"href":"https:\/\/urbamonde.org\/es\/wp-json\/wp\/v2\/users\/4"}],"replies":[{"embeddable":true,"href":"https:\/\/urbamonde.org\/es\/wp-json\/wp\/v2\/comments?post=5621"}],"version-history":[{"count":10,"href":"https:\/\/urbamonde.org\/es\/wp-json\/wp\/v2\/posts\/5621\/revisions"}],"predecessor-version":[{"id":5632,"href":"https:\/\/urbamonde.org\/es\/wp-json\/wp\/v2\/posts\/5621\/revisions\/5632"}],"wp:featuredmedia":[{"embeddable":true,"href":"https:\/\/urbamonde.org\/es\/wp-json\/wp\/v2\/media\/5597"}],"wp:attachment":[{"href":"https:\/\/urbamonde.org\/es\/wp-json\/wp\/v2\/media?parent=5621"}],"wp:term":[{"taxonomy":"category","embeddable":true,"href":"https:\/\/urbamonde.org\/es\/wp-json\/wp\/v2\/categories?post=5621"},{"taxonomy":"post_tag","embeddable":true,"href":"https:\/\/urbamonde.org\/es\/wp-json\/wp\/v2\/tags?post=5621"}],"curies":[{"name":"wp","href":"https:\/\/api.w.org\/{rel}","templated":true}]}}